{"id":5108,"date":"2013-11-26T14:04:04","date_gmt":"2013-11-26T11:34:04","guid":{"rendered":"http:\/\/www.casariche.es\/?p=5108"},"modified":"2013-11-30T23:13:22","modified_gmt":"2013-11-30T20:43:22","slug":"una-marcha-una-lectura-literaria-y-una-charla-conformaron-el-acto-central-del-25-n","status":"publish","type":"post","link":"https:\/\/www.casariche.es\/?p=5108","title":{"rendered":"Una marcha, una lectura literaria y una charla conformaron el acto central del 25-N"},"content":{"rendered":"<p>El Teatro Municipal de Casariche acogi\u00f3 ayer 25 de Noviembre el acto central contra la Violencia de G\u00e9nero, enmarcado en una completa Campa\u00f1a Institucional dise\u00f1ada por el Ayuntamiento de Casariche, desde su Delegaci\u00f3n de Igualdad y a trav\u00e9s del PIM, que cuenta con la colaboraci\u00f3n de distintos colectivos de nuestro municipio.<\/p>\n<p>En este sentido, las actividades conmemorativas se iniciaron ayer lunes 25 con una marcha que parti\u00f3 desde el Ayuntamiento a las 4:30 de la tarde, y se dirigi\u00f3 hasta el Teatro Municipal pasando por la calle Ra\u00fal Berral y la Avenida de Libertad. Seguidamente, hacia las 5:00 de la tarde se dio lectura al manifiesto, a cargo de la Concejala de Igualdad, M\u00aa de los Santos Parrado, que dej\u00f3 constancia una a\u00f1o m\u00e1s del compromiso social del Ayuntamiento de Casariche por trabajar en pro de un mundo igualitario y en contra de esta lacra de nuestra sociedad.<\/p>\n<p>La tarde continu\u00f3 con una lectura literaria ofrecida por David Eloy, escritor de origen extreme\u00f1o y residente en Sevilla; despu\u00e9s se proyect\u00f3 un documental alusivo a esta tem\u00e1tica y se continu\u00f3 con la Charla titulada \u201cViolencia de G\u00e9nero en Mujeres Mayores: Prevenci\u00f3n\u201d, a cargo de Paqui Blanco (Psic\u00f3loga, Sex\u00f3loga y Experta en G\u00e9nero).<\/p>\n<p>La tarde concluy\u00f3 con una merienda de convivencia entre las personas asistentes.<\/p>\n<p>Para resaltar este d\u00eda, el ayuntamiento ha dispuesto colocaci\u00f3n de pancarta en el balc\u00f3n del ayuntamiento, pegada de carteler\u00eda en lugares estrat\u00e9gicos de la localidad. Adem\u00e1s el dise\u00f1o, elaboraci\u00f3n y colocaci\u00f3n de banderolas contra la Violencia de G\u00e9nero en farolas de la avenida de la libertad. Tambi\u00e9n se har\u00e1 entrega de banderolas al tejido asociativo local para su colocaci\u00f3n en las fachadas de sus sedes correspondientes.<\/p>\n<p>En paralelo, se ha procedido estos d\u00edas a la colocaci\u00f3n de una Pancarta en el Balc\u00f3n del Ayuntamiento, se ha pegado carteler\u00eda en lugares estrat\u00e9gicos, y se han colocado banderolas contra la Violencia de G\u00e9nero en farolas de la Avenida de la Libertad, as\u00ed como en las sedes de distintas asociaciones de nuestro municipio.<\/p>\n<p>Entre otras actividades, tambi\u00e9n enmarcadas en esta campa\u00f1a, se han puesto en marcha una nueva edici\u00f3n (la tercera) del Curso de Cocina y Corresponsabilidad en el Hogar para Hombres y el I Concurso de Tuits contra la Violencia de G\u00e9nero, se van a desarrollar un Teatro Infantil coeducativo y un Cuenta Cuentos, se visitar\u00e1 la VIII Feria Provincial de Empresarias FEMPE\u20192013, se ha trabajado tem\u00e1tica de g\u00e9nero con el alumnado de la Escuela Taller \u201cLas Tic en Casariche: Servicios P\u00fablicos Digitales\u201d, as\u00ed como se han desarrollado diversos talleres con los escolares de secundaria, primaria e infantil.<\/p>\n<p>En paralelo, tambi\u00e9n nuestros centros educativos han estado trabajando esta tem\u00e1tica en las aulas con actividades diversas. Asimismo, ayer 25 de Noviembre, en horario de ma\u00f1ana, el alumnado de 3\u00ba y 4\u00bade ESO del IES Atalaya y de 5\u00ba y 6\u00ba de primaria del CEIP Lope de Vega realiz\u00f3 una marcha que concluy\u00f3 en la Plaza del Ayuntamiento, incluyendo la lectura de un manifiesto y la escucha de una canci\u00f3n.<\/p>\n<p>&nbsp;<\/p>\n","protected":false},"excerpt":{"rendered":"<p>El Teatro Municipal de Casariche acogi\u00f3 ayer 25 de Noviembre el acto central contra la Violencia de G\u00e9nero, enmarcado en una completa Campa\u00f1a Institucional dise\u00f1ada<\/p>\n","protected":false},"author":2,"featured_media":5147,"comment_status":"closed","ping_status":"open","sticky":false,"template":"","format":"standard","meta":{"footnotes":""},"categories":[1,6],"tags":[35,228,246,253,227],"class_list":["post-5108","post","type-post","status-publish","format-standard","has-post-thumbnail","hentry","category-sin-categoria","category-bienestar-social","tag-campana","tag-genero","tag-lectura","tag-marcha","tag-violencia"],"_links":{"self":[{"href":"https:\/\/www.casariche.es\/index.php?rest_route=\/wp\/v2\/posts\/5108","targetHints":{"allow":["GET"]}}],"collection":[{"href":"https:\/\/www.casariche.es\/index.php?rest_route=\/wp\/v2\/posts"}],"about":[{"href":"https:\/\/www.casariche.es\/index.php?rest_route=\/wp\/v2\/types\/post"}],"author":[{"embeddable":true,"href":"https:\/\/www.casariche.es\/index.php?rest_route=\/wp\/v2\/users\/2"}],"replies":[{"embeddable":true,"href":"https:\/\/www.casariche.es\/index.php?rest_route=%2Fwp%2Fv2%2Fcomments&post=5108"}],"version-history":[{"count":4,"href":"https:\/\/www.casariche.es\/index.php?rest_route=\/wp\/v2\/posts\/5108\/revisions"}],"predecessor-version":[{"id":5149,"href":"https:\/\/www.casariche.es\/index.php?rest_route=\/wp\/v2\/posts\/5108\/revisions\/5149"}],"wp:featuredmedia":[{"embeddable":true,"href":"https:\/\/www.casariche.es\/index.php?rest_route=\/wp\/v2\/media\/5147"}],"wp:attachment":[{"href":"https:\/\/www.casariche.es\/index.php?rest_route=%2Fwp%2Fv2%2Fmedia&parent=5108"}],"wp:term":[{"taxonomy":"category","embeddable":true,"href":"https:\/\/www.casariche.es\/index.php?rest_route=%2Fwp%2Fv2%2Fcategories&post=5108"},{"taxonomy":"post_tag","embeddable":true,"href":"https:\/\/www.casariche.es\/index.php?rest_route=%2Fwp%2Fv2%2Ftags&post=5108"}],"curies":[{"name":"wp","href":"https:\/\/api.w.org\/{rel}","templated":true}]}}