{"id":50399,"date":"2022-12-09T09:00:37","date_gmt":"2022-12-09T08:00:37","guid":{"rendered":"https:\/\/www.casariche.es\/?p=50399"},"modified":"2022-12-08T17:20:05","modified_gmt":"2022-12-08T16:20:05","slug":"te-apuntas-a-un-viaje-a-sevilla-el-28-de-diciembre","status":"publish","type":"post","link":"https:\/\/www.casariche.es\/?p=50399","title":{"rendered":"\u00bfTe apuntas a un viaje a Sevilla el 28 de Diciembre?"},"content":{"rendered":"<p style=\"text-align: justify;\">El lunes <strong>12 de Diciembre, a las 11:00 horas, se abre el plazo para inscribirse en un viaje a Sevilla<\/strong> el pr\u00f3ximo 28 de Diciembre.<\/p>\n<p style=\"text-align: justify;\">El <strong>coste de esta actividad<\/strong> es de <strong>10\u20ac\/persona<\/strong>. El alumnado del Aula Abierta de Mayores ya inscrito en este viaje podr\u00e1 visitar la Capitan\u00eda General, el Museo Hist\u00f3rico Militar y el Archivo de Indias. El resto de personas que se inscriban, no tendr\u00e1n acceso a las visitas, pero tendr\u00e1n la oportunidad de disfrutar de un d\u00eda libre en Sevilla para hacer compras, admirar el alumbrado navide\u00f1o, visitar belenes&#8230;<\/p>\n<p style=\"text-align: justify;\"><strong>La salida de Casariche ser\u00e1 el 28 de Diciembre a las 8 de la ma\u00f1ana y regreso a las 8 de la tarde<\/strong>.<\/p>\n<p style=\"text-align: justify;\">\u00a1No lo dudes y ap\u00fantate a disfrutar de <strong>Sevilla en Navidad<\/strong>!<\/p>\n<p><img loading=\"lazy\" decoding=\"async\" class=\"aligncenter size-full wp-image-50402\" src=\"http:\/\/www.casariche.es\/wp-content\/uploads\/2022\/12\/viaje-a-sevilla.jpg\" alt=\"\" width=\"1080\" height=\"1080\" srcset=\"https:\/\/www.casariche.es\/wp-content\/uploads\/2022\/12\/viaje-a-sevilla.jpg 1080w, https:\/\/www.casariche.es\/wp-content\/uploads\/2022\/12\/viaje-a-sevilla-300x300.jpg 300w, https:\/\/www.casariche.es\/wp-content\/uploads\/2022\/12\/viaje-a-sevilla-1024x1024.jpg 1024w, https:\/\/www.casariche.es\/wp-content\/uploads\/2022\/12\/viaje-a-sevilla-150x150.jpg 150w, https:\/\/www.casariche.es\/wp-content\/uploads\/2022\/12\/viaje-a-sevilla-768x768.jpg 768w\" sizes=\"auto, (max-width: 1080px) 100vw, 1080px\" \/><\/p>\n","protected":false},"excerpt":{"rendered":"<p>El lunes 12 de Diciembre, a las 11:00 horas, se abre el plazo para inscribirse en un viaje a Sevilla el pr\u00f3ximo 28 de Diciembre.<\/p>\n","protected":false},"author":2,"featured_media":50402,"comment_status":"closed","ping_status":"closed","sticky":false,"template":"","format":"standard","meta":{"footnotes":""},"categories":[7,1],"tags":[797,624,38],"class_list":["post-50399","post","type-post","status-publish","format-standard","has-post-thumbnail","hentry","category-cultura","category-sin-categoria","tag-navidad","tag-sevilla","tag-viaje"],"_links":{"self":[{"href":"https:\/\/www.casariche.es\/index.php?rest_route=\/wp\/v2\/posts\/50399","targetHints":{"allow":["GET"]}}],"collection":[{"href":"https:\/\/www.casariche.es\/index.php?rest_route=\/wp\/v2\/posts"}],"about":[{"href":"https:\/\/www.casariche.es\/index.php?rest_route=\/wp\/v2\/types\/post"}],"author":[{"embeddable":true,"href":"https:\/\/www.casariche.es\/index.php?rest_route=\/wp\/v2\/users\/2"}],"replies":[{"embeddable":true,"href":"https:\/\/www.casariche.es\/index.php?rest_route=%2Fwp%2Fv2%2Fcomments&post=50399"}],"version-history":[{"count":3,"href":"https:\/\/www.casariche.es\/index.php?rest_route=\/wp\/v2\/posts\/50399\/revisions"}],"predecessor-version":[{"id":50403,"href":"https:\/\/www.casariche.es\/index.php?rest_route=\/wp\/v2\/posts\/50399\/revisions\/50403"}],"wp:featuredmedia":[{"embeddable":true,"href":"https:\/\/www.casariche.es\/index.php?rest_route=\/wp\/v2\/media\/50402"}],"wp:attachment":[{"href":"https:\/\/www.casariche.es\/index.php?rest_route=%2Fwp%2Fv2%2Fmedia&parent=50399"}],"wp:term":[{"taxonomy":"category","embeddable":true,"href":"https:\/\/www.casariche.es\/index.php?rest_route=%2Fwp%2Fv2%2Fcategories&post=50399"},{"taxonomy":"post_tag","embeddable":true,"href":"https:\/\/www.casariche.es\/index.php?rest_route=%2Fwp%2Fv2%2Ftags&post=50399"}],"curies":[{"name":"wp","href":"https:\/\/api.w.org\/{rel}","templated":true}]}}