{"id":49845,"date":"2022-11-17T18:00:13","date_gmt":"2022-11-17T17:00:13","guid":{"rendered":"https:\/\/www.casariche.es\/?p=49845"},"modified":"2022-11-17T17:59:34","modified_gmt":"2022-11-17T16:59:34","slug":"crisol-aydis-representara-su-teatro-navideno-abajo-paz-y-arriba-gloria-el-proximo-3-de-diciembre","status":"publish","type":"post","link":"https:\/\/www.casariche.es\/?p=49845","title":{"rendered":"Crisol-Aydis representar\u00e1 su teatro navide\u00f1o &#8216;Abajo paz y arriba gloria&#8217; el pr\u00f3ximo 3 de Diciembre"},"content":{"rendered":"<p style=\"text-align: justify;\">El grupo de teatro de <strong>Crisol-Aydis<\/strong> tiene ya <strong>preparada su obra de esta Navidad<\/strong>, <strong>&#8216;Abajo paz y arriba gloria&#8217;.<\/strong><\/p>\n<p style=\"text-align: justify;\">En esta ocasi\u00f3n, la cita ser\u00e1 el s\u00e1bado<strong> 3 de Diciembre<\/strong>, en el <strong>Teatro Municipal<\/strong> de Casariche, a las <strong>19:00 h<\/strong>.<\/p>\n<p style=\"text-align: justify;\">Con esta representaci\u00f3n, que cada a\u00f1o por estas fechas organiza Crisol-Aydis para <strong>conmemorar el D\u00eda Internacional de la Discapacidad<\/strong> (3 de Diciembre), <strong>poniendo en valor el talento y las capacidades de sus miembros<\/strong>, quedar\u00e1 <strong>inaugurada la programaci\u00f3n navide\u00f1a<\/strong> de Casariche 2022.<\/p>\n<p style=\"text-align: justify;\">\u00a1Id reservando ya fecha en el calendario para no perd\u00e9rosla!<\/p>\n<p><img loading=\"lazy\" decoding=\"async\" class=\"aligncenter size-full wp-image-49859\" src=\"http:\/\/www.casariche.es\/wp-content\/uploads\/2022\/11\/teatro-crisol-3-diciembre.jpeg\" alt=\"\" width=\"679\" height=\"960\" srcset=\"https:\/\/www.casariche.es\/wp-content\/uploads\/2022\/11\/teatro-crisol-3-diciembre.jpeg 679w, https:\/\/www.casariche.es\/wp-content\/uploads\/2022\/11\/teatro-crisol-3-diciembre-212x300.jpeg 212w\" sizes=\"auto, (max-width: 679px) 100vw, 679px\" \/><\/p>\n<p style=\"text-align: justify;\">\n","protected":false},"excerpt":{"rendered":"<p>El grupo de teatro de Crisol-Aydis tiene ya preparada su obra de esta Navidad, &#8216;Abajo paz y arriba gloria&#8217;. En esta ocasi\u00f3n, la cita ser\u00e1<\/p>\n","protected":false},"author":2,"featured_media":49859,"comment_status":"closed","ping_status":"closed","sticky":false,"template":"","format":"standard","meta":{"footnotes":""},"categories":[7,1],"tags":[333,797,218],"class_list":["post-49845","post","type-post","status-publish","format-standard","has-post-thumbnail","hentry","category-cultura","category-sin-categoria","tag-crisol","tag-navidad","tag-teatro"],"_links":{"self":[{"href":"https:\/\/www.casariche.es\/index.php?rest_route=\/wp\/v2\/posts\/49845","targetHints":{"allow":["GET"]}}],"collection":[{"href":"https:\/\/www.casariche.es\/index.php?rest_route=\/wp\/v2\/posts"}],"about":[{"href":"https:\/\/www.casariche.es\/index.php?rest_route=\/wp\/v2\/types\/post"}],"author":[{"embeddable":true,"href":"https:\/\/www.casariche.es\/index.php?rest_route=\/wp\/v2\/users\/2"}],"replies":[{"embeddable":true,"href":"https:\/\/www.casariche.es\/index.php?rest_route=%2Fwp%2Fv2%2Fcomments&post=49845"}],"version-history":[{"count":3,"href":"https:\/\/www.casariche.es\/index.php?rest_route=\/wp\/v2\/posts\/49845\/revisions"}],"predecessor-version":[{"id":49860,"href":"https:\/\/www.casariche.es\/index.php?rest_route=\/wp\/v2\/posts\/49845\/revisions\/49860"}],"wp:featuredmedia":[{"embeddable":true,"href":"https:\/\/www.casariche.es\/index.php?rest_route=\/wp\/v2\/media\/49859"}],"wp:attachment":[{"href":"https:\/\/www.casariche.es\/index.php?rest_route=%2Fwp%2Fv2%2Fmedia&parent=49845"}],"wp:term":[{"taxonomy":"category","embeddable":true,"href":"https:\/\/www.casariche.es\/index.php?rest_route=%2Fwp%2Fv2%2Fcategories&post=49845"},{"taxonomy":"post_tag","embeddable":true,"href":"https:\/\/www.casariche.es\/index.php?rest_route=%2Fwp%2Fv2%2Ftags&post=49845"}],"curies":[{"name":"wp","href":"https:\/\/api.w.org\/{rel}","templated":true}]}}