{"id":49188,"date":"2022-10-28T12:06:41","date_gmt":"2022-10-28T10:06:41","guid":{"rendered":"https:\/\/www.casariche.es\/?p=49188"},"modified":"2022-10-28T12:06:41","modified_gmt":"2022-10-28T10:06:41","slug":"en-la-madrugada-del-sabado-29-al-domingo-30-se-producira-el-cambio-al-horario-de-invierno","status":"publish","type":"post","link":"https:\/\/www.casariche.es\/?p=49188","title":{"rendered":"En la madrugada del s\u00e1bado 29 al domingo 30, se producir\u00e1 el cambio al horario de invierno"},"content":{"rendered":"<p style=\"text-align: justify;\">Este fin de semana, en la madrugada de ma\u00f1ana <strong>s\u00e1bado 29 al domingo 30 de Octubre de 2022<\/strong>,\u00a0 tendremos que <strong>actualizar nuestros relojes al horario de invierno<\/strong>\u00a0atrasando una hora.<\/p>\n<p style=\"text-align: justify;\"><strong>Cuando sean las 3 de la madrugada<\/strong><strong>, se deben retrasar los relojes a las 2,<\/strong>\u00a0por lo tanto, tendremos una hora m\u00e1s para dormir. Esto significa, adem\u00e1s, que a partir del domingo, las ma\u00f1anas ser\u00e1n m\u00e1s luminosas y las tardes pasar\u00e1n muy r\u00e1pido, porque anochecer\u00e1 antes.<\/p>\n<p style=\"text-align: justify;\"><strong>\u00a1No olvid\u00e9is cambiar vuestros relojes!<\/strong><\/p>\n<p><img loading=\"lazy\" decoding=\"async\" class=\"aligncenter size-full wp-image-49305\" src=\"http:\/\/www.casariche.es\/wp-content\/uploads\/2022\/10\/HORA-INVIERNO22-scaled.jpg\" alt=\"\" width=\"2560\" height=\"1847\" srcset=\"https:\/\/www.casariche.es\/wp-content\/uploads\/2022\/10\/HORA-INVIERNO22-scaled.jpg 2560w, https:\/\/www.casariche.es\/wp-content\/uploads\/2022\/10\/HORA-INVIERNO22-300x216.jpg 300w, https:\/\/www.casariche.es\/wp-content\/uploads\/2022\/10\/HORA-INVIERNO22-1024x739.jpg 1024w, https:\/\/www.casariche.es\/wp-content\/uploads\/2022\/10\/HORA-INVIERNO22-768x554.jpg 768w, https:\/\/www.casariche.es\/wp-content\/uploads\/2022\/10\/HORA-INVIERNO22-1536x1108.jpg 1536w, https:\/\/www.casariche.es\/wp-content\/uploads\/2022\/10\/HORA-INVIERNO22-2048x1477.jpg 2048w\" sizes=\"auto, (max-width: 2560px) 100vw, 2560px\" \/><\/p>\n<p style=\"text-align: justify;\">\n","protected":false},"excerpt":{"rendered":"<p>Este fin de semana, en la madrugada de ma\u00f1ana s\u00e1bado 29 al domingo 30 de Octubre de 2022,\u00a0 tendremos que actualizar nuestros relojes al horario<\/p>\n","protected":false},"author":2,"featured_media":49305,"comment_status":"closed","ping_status":"closed","sticky":false,"template":"","format":"standard","meta":{"footnotes":""},"categories":[1],"tags":[720,1007,2129,3940],"class_list":["post-49188","post","type-post","status-publish","format-standard","has-post-thumbnail","hentry","category-sin-categoria","tag-horario","tag-invierno","tag-reloj","tag-retrasar"],"_links":{"self":[{"href":"https:\/\/www.casariche.es\/index.php?rest_route=\/wp\/v2\/posts\/49188","targetHints":{"allow":["GET"]}}],"collection":[{"href":"https:\/\/www.casariche.es\/index.php?rest_route=\/wp\/v2\/posts"}],"about":[{"href":"https:\/\/www.casariche.es\/index.php?rest_route=\/wp\/v2\/types\/post"}],"author":[{"embeddable":true,"href":"https:\/\/www.casariche.es\/index.php?rest_route=\/wp\/v2\/users\/2"}],"replies":[{"embeddable":true,"href":"https:\/\/www.casariche.es\/index.php?rest_route=%2Fwp%2Fv2%2Fcomments&post=49188"}],"version-history":[{"count":3,"href":"https:\/\/www.casariche.es\/index.php?rest_route=\/wp\/v2\/posts\/49188\/revisions"}],"predecessor-version":[{"id":49307,"href":"https:\/\/www.casariche.es\/index.php?rest_route=\/wp\/v2\/posts\/49188\/revisions\/49307"}],"wp:featuredmedia":[{"embeddable":true,"href":"https:\/\/www.casariche.es\/index.php?rest_route=\/wp\/v2\/media\/49305"}],"wp:attachment":[{"href":"https:\/\/www.casariche.es\/index.php?rest_route=%2Fwp%2Fv2%2Fmedia&parent=49188"}],"wp:term":[{"taxonomy":"category","embeddable":true,"href":"https:\/\/www.casariche.es\/index.php?rest_route=%2Fwp%2Fv2%2Fcategories&post=49188"},{"taxonomy":"post_tag","embeddable":true,"href":"https:\/\/www.casariche.es\/index.php?rest_route=%2Fwp%2Fv2%2Ftags&post=49188"}],"curies":[{"name":"wp","href":"https:\/\/api.w.org\/{rel}","templated":true}]}}