{"id":48566,"date":"2022-09-27T17:00:01","date_gmt":"2022-09-27T15:00:01","guid":{"rendered":"https:\/\/www.casariche.es\/?p=48566"},"modified":"2022-09-27T16:32:01","modified_gmt":"2022-09-27T14:32:01","slug":"anabel-valencia-lleno-de-arte-y-sentimiento-la-tertulia-del-cante-jondo-de-casariche-con-sus-cantes-de-amor-y-desamor","status":"publish","type":"post","link":"https:\/\/www.casariche.es\/?p=48566","title":{"rendered":"Anabel Valencia llen\u00f3 de arte y sentimiento la Tertulia del Cante Jondo de Casariche con sus cantes de amor y desamor"},"content":{"rendered":"<p style=\"text-align: justify;\">La cantaora lebrijana<strong> Anabel Valencia ofreci\u00f3 un recital de cante en la Tertulia del Cante Jondo \u00abManuel Herrera Rodas\u00bb <\/strong>de Casariche el pasado s\u00e1bado<strong> 24 de Septiembre, <\/strong>a partir de las <strong>ocho de la tarde.<\/strong><\/p>\n<p style=\"text-align: justify;\">Acompa\u00f1ada de <strong>Curro Vargas, al toque, cant\u00f3 al amor y al desamor con el sentimiento y el arte que la caracteriza.<\/strong><\/p>\n<p style=\"text-align: justify;\">Con este recital, que fue muy aplaudido por el p\u00fablico asistente, <strong>se ha inaugurado la programaci\u00f3n del Oto\u00f1o Invierno Cultural casariche\u00f1o 2022\/2023<\/strong>.<\/p>\n<div id='gallery-1' class='gallery galleryid-48566 gallery-columns-1 gallery-size-full'><figure class='gallery-item'>\n\t\t\t<div class='gallery-icon landscape'>\n\t\t\t\t<a href='https:\/\/www.casariche.es\/?attachment_id=48568'><img loading=\"lazy\" decoding=\"async\" width=\"1013\" height=\"539\" src=\"https:\/\/www.casariche.es\/wp-content\/uploads\/2022\/09\/Imagen2.jpg\" class=\"attachment-full size-full\" alt=\"\" srcset=\"https:\/\/www.casariche.es\/wp-content\/uploads\/2022\/09\/Imagen2.jpg 1013w, https:\/\/www.casariche.es\/wp-content\/uploads\/2022\/09\/Imagen2-300x160.jpg 300w, https:\/\/www.casariche.es\/wp-content\/uploads\/2022\/09\/Imagen2-768x409.jpg 768w\" sizes=\"auto, (max-width: 1013px) 100vw, 1013px\" \/><\/a>\n\t\t\t<\/div><\/figure><figure class='gallery-item'>\n\t\t\t<div class='gallery-icon landscape'>\n\t\t\t\t<a href='https:\/\/www.casariche.es\/?attachment_id=48567'><img loading=\"lazy\" decoding=\"async\" width=\"1002\" height=\"552\" src=\"https:\/\/www.casariche.es\/wp-content\/uploads\/2022\/09\/Imagen1.jpg\" class=\"attachment-full size-full\" alt=\"\" srcset=\"https:\/\/www.casariche.es\/wp-content\/uploads\/2022\/09\/Imagen1.jpg 1002w, https:\/\/www.casariche.es\/wp-content\/uploads\/2022\/09\/Imagen1-300x165.jpg 300w, https:\/\/www.casariche.es\/wp-content\/uploads\/2022\/09\/Imagen1-768x423.jpg 768w\" sizes=\"auto, (max-width: 1002px) 100vw, 1002px\" \/><\/a>\n\t\t\t<\/div><\/figure><figure class='gallery-item'>\n\t\t\t<div class='gallery-icon landscape'>\n\t\t\t\t<a href='https:\/\/www.casariche.es\/?attachment_id=48569'><img loading=\"lazy\" decoding=\"async\" width=\"685\" height=\"408\" src=\"https:\/\/www.casariche.es\/wp-content\/uploads\/2022\/09\/Imagen3.jpg\" class=\"attachment-full size-full\" alt=\"\" srcset=\"https:\/\/www.casariche.es\/wp-content\/uploads\/2022\/09\/Imagen3.jpg 685w, https:\/\/www.casariche.es\/wp-content\/uploads\/2022\/09\/Imagen3-300x179.jpg 300w\" sizes=\"auto, (max-width: 685px) 100vw, 685px\" \/><\/a>\n\t\t\t<\/div><\/figure>\n\t\t<\/div>\n\n","protected":false},"excerpt":{"rendered":"<p>La cantaora lebrijana Anabel Valencia ofreci\u00f3 un recital de cante en la Tertulia del Cante Jondo \u00abManuel Herrera Rodas\u00bb de Casariche el pasado s\u00e1bado 24<\/p>\n","protected":false},"author":2,"featured_media":48569,"comment_status":"closed","ping_status":"closed","sticky":false,"template":"","format":"standard","meta":{"footnotes":""},"categories":[7,1],"tags":[4362,4363,1310,64,1007,1231,1057],"class_list":["post-48566","post","type-post","status-publish","format-standard","has-post-thumbnail","hentry","category-cultura","category-sin-categoria","tag-anabel-valencia","tag-cantaora","tag-cante-jondo","tag-cultural","tag-invierno","tag-otono","tag-tertulia"],"_links":{"self":[{"href":"https:\/\/www.casariche.es\/index.php?rest_route=\/wp\/v2\/posts\/48566","targetHints":{"allow":["GET"]}}],"collection":[{"href":"https:\/\/www.casariche.es\/index.php?rest_route=\/wp\/v2\/posts"}],"about":[{"href":"https:\/\/www.casariche.es\/index.php?rest_route=\/wp\/v2\/types\/post"}],"author":[{"embeddable":true,"href":"https:\/\/www.casariche.es\/index.php?rest_route=\/wp\/v2\/users\/2"}],"replies":[{"embeddable":true,"href":"https:\/\/www.casariche.es\/index.php?rest_route=%2Fwp%2Fv2%2Fcomments&post=48566"}],"version-history":[{"count":1,"href":"https:\/\/www.casariche.es\/index.php?rest_route=\/wp\/v2\/posts\/48566\/revisions"}],"predecessor-version":[{"id":48570,"href":"https:\/\/www.casariche.es\/index.php?rest_route=\/wp\/v2\/posts\/48566\/revisions\/48570"}],"wp:featuredmedia":[{"embeddable":true,"href":"https:\/\/www.casariche.es\/index.php?rest_route=\/wp\/v2\/media\/48569"}],"wp:attachment":[{"href":"https:\/\/www.casariche.es\/index.php?rest_route=%2Fwp%2Fv2%2Fmedia&parent=48566"}],"wp:term":[{"taxonomy":"category","embeddable":true,"href":"https:\/\/www.casariche.es\/index.php?rest_route=%2Fwp%2Fv2%2Fcategories&post=48566"},{"taxonomy":"post_tag","embeddable":true,"href":"https:\/\/www.casariche.es\/index.php?rest_route=%2Fwp%2Fv2%2Ftags&post=48566"}],"curies":[{"name":"wp","href":"https:\/\/api.w.org\/{rel}","templated":true}]}}