{"id":48408,"date":"2022-09-21T15:00:30","date_gmt":"2022-09-21T13:00:30","guid":{"rendered":"https:\/\/www.casariche.es\/?p=48408"},"modified":"2022-09-21T13:49:18","modified_gmt":"2022-09-21T11:49:18","slug":"la-viii-marcha-contra-el-cancer-de-mama-de-casariche-se-celebrara-el-domingo-16-de-octubre","status":"publish","type":"post","link":"https:\/\/www.casariche.es\/?p=48408","title":{"rendered":"La VIII Marcha contra el C\u00e1ncer de Mama de Casariche se celebrar\u00e1 el domingo 16 de Octubre"},"content":{"rendered":"<p style=\"text-align: justify;\">La <strong>VIII Marcha contra el C\u00e1ncer de Mama<\/strong>, organizada por la <strong>Junta Local de la AECC Casariche<\/strong>, ya tiene fecha. Este a\u00f1o llega con la novedad de que se llevar\u00e1 a cabo un domingo por la ma\u00f1ana, en concreto, el <strong>16 de Octubre<\/strong>, a las <strong>11:00 h. <\/strong>Su salida y su meta estar\u00e1n ubicadas, como viene siendo habitual, en\u00a0la Plaza Alcalde Jos\u00e9 Ram\u00f3n Parrado Cano.<\/p>\n<p style=\"text-align: justify;\">Asimismo, seg\u00fan ha informado la Junta Local de la AECC Casariche, <strong>ya est\u00e1n en proceso de fabricaci\u00f3n las camisetas de la marcha<\/strong> con el lema <strong>&#8216;El rosa es m\u00e1s que un color&#8217;<\/strong>, y en los pr\u00f3ximos d\u00edas se anunciar\u00e1n los d\u00edas y horarios para su adquisici\u00f3n. <strong>El punto de venta estar\u00e1 ubicado en la C\/ Ra\u00fal Berral<\/strong>, al lado de la panader\u00eda El Polvillo.<\/p>\n<p style=\"text-align: justify;\"><strong>\u00a1Os esperamos en esta marcha solidaria de apoyo a la lucha contra el c\u00e1ncer!<\/strong><\/p>\n<p><img loading=\"lazy\" decoding=\"async\" class=\"aligncenter size-full wp-image-48459\" src=\"http:\/\/www.casariche.es\/wp-content\/uploads\/2022\/09\/viii-marcha-contra-el-cancer-casariche.jpg\" alt=\"\" width=\"1137\" height=\"1600\" srcset=\"https:\/\/www.casariche.es\/wp-content\/uploads\/2022\/09\/viii-marcha-contra-el-cancer-casariche.jpg 1137w, https:\/\/www.casariche.es\/wp-content\/uploads\/2022\/09\/viii-marcha-contra-el-cancer-casariche-213x300.jpg 213w, https:\/\/www.casariche.es\/wp-content\/uploads\/2022\/09\/viii-marcha-contra-el-cancer-casariche-728x1024.jpg 728w, https:\/\/www.casariche.es\/wp-content\/uploads\/2022\/09\/viii-marcha-contra-el-cancer-casariche-768x1081.jpg 768w, https:\/\/www.casariche.es\/wp-content\/uploads\/2022\/09\/viii-marcha-contra-el-cancer-casariche-1092x1536.jpg 1092w\" sizes=\"auto, (max-width: 1137px) 100vw, 1137px\" \/><\/p>\n<p><img loading=\"lazy\" decoding=\"async\" class=\"aligncenter size-full wp-image-48460\" src=\"http:\/\/www.casariche.es\/wp-content\/uploads\/2022\/09\/diseno-camiseta-viii-marcha-cancer.jpg\" alt=\"\" width=\"1131\" height=\"1600\" srcset=\"https:\/\/www.casariche.es\/wp-content\/uploads\/2022\/09\/diseno-camiseta-viii-marcha-cancer.jpg 1131w, https:\/\/www.casariche.es\/wp-content\/uploads\/2022\/09\/diseno-camiseta-viii-marcha-cancer-212x300.jpg 212w, https:\/\/www.casariche.es\/wp-content\/uploads\/2022\/09\/diseno-camiseta-viii-marcha-cancer-724x1024.jpg 724w, https:\/\/www.casariche.es\/wp-content\/uploads\/2022\/09\/diseno-camiseta-viii-marcha-cancer-768x1086.jpg 768w, https:\/\/www.casariche.es\/wp-content\/uploads\/2022\/09\/diseno-camiseta-viii-marcha-cancer-1086x1536.jpg 1086w\" sizes=\"auto, (max-width: 1131px) 100vw, 1131px\" \/><\/p>\n<p>&nbsp;<\/p>\n<p>&nbsp;<\/p>\n","protected":false},"excerpt":{"rendered":"<p>La VIII Marcha contra el C\u00e1ncer de Mama, organizada por la Junta Local de la AECC Casariche, ya tiene fecha. Este a\u00f1o llega con la<\/p>\n","protected":false},"author":2,"featured_media":48459,"comment_status":"closed","ping_status":"closed","sticky":false,"template":"","format":"standard","meta":{"footnotes":""},"categories":[1,6],"tags":[1201,256,737,253],"class_list":["post-48408","post","type-post","status-publish","format-standard","has-post-thumbnail","hentry","category-sin-categoria","category-bienestar-social","tag-camisetas","tag-cancer","tag-mama","tag-marcha"],"_links":{"self":[{"href":"https:\/\/www.casariche.es\/index.php?rest_route=\/wp\/v2\/posts\/48408","targetHints":{"allow":["GET"]}}],"collection":[{"href":"https:\/\/www.casariche.es\/index.php?rest_route=\/wp\/v2\/posts"}],"about":[{"href":"https:\/\/www.casariche.es\/index.php?rest_route=\/wp\/v2\/types\/post"}],"author":[{"embeddable":true,"href":"https:\/\/www.casariche.es\/index.php?rest_route=\/wp\/v2\/users\/2"}],"replies":[{"embeddable":true,"href":"https:\/\/www.casariche.es\/index.php?rest_route=%2Fwp%2Fv2%2Fcomments&post=48408"}],"version-history":[{"count":4,"href":"https:\/\/www.casariche.es\/index.php?rest_route=\/wp\/v2\/posts\/48408\/revisions"}],"predecessor-version":[{"id":48462,"href":"https:\/\/www.casariche.es\/index.php?rest_route=\/wp\/v2\/posts\/48408\/revisions\/48462"}],"wp:featuredmedia":[{"embeddable":true,"href":"https:\/\/www.casariche.es\/index.php?rest_route=\/wp\/v2\/media\/48459"}],"wp:attachment":[{"href":"https:\/\/www.casariche.es\/index.php?rest_route=%2Fwp%2Fv2%2Fmedia&parent=48408"}],"wp:term":[{"taxonomy":"category","embeddable":true,"href":"https:\/\/www.casariche.es\/index.php?rest_route=%2Fwp%2Fv2%2Fcategories&post=48408"},{"taxonomy":"post_tag","embeddable":true,"href":"https:\/\/www.casariche.es\/index.php?rest_route=%2Fwp%2Fv2%2Ftags&post=48408"}],"curies":[{"name":"wp","href":"https:\/\/api.w.org\/{rel}","templated":true}]}}