{"id":4832,"date":"2013-10-28T18:31:04","date_gmt":"2013-10-28T16:01:04","guid":{"rendered":"http:\/\/www.casariche.es\/?p=4832"},"modified":"2013-10-28T18:31:04","modified_gmt":"2013-10-28T16:01:04","slug":"55-casarichenos-visitaron-coria-del-rio","status":"publish","type":"post","link":"https:\/\/www.casariche.es\/?p=4832","title":{"rendered":"55 casariche\u00f1os visitaron Coria del R\u00edo"},"content":{"rendered":"<p>Cincuenta y cinco casariche\u00f1os, entre ellos, las Concejalas de Cultura y Festejos del Ayuntamiento de Casariche, M\u00aa de los Santos Parrado y Loli Ballesteros, respectivamente, y los Monitores Culturales, Antonio Garc\u00eda y M\u00aa Carmen Bastos, participaron el viernes 28 de Octubre en un Viaje Cultural a la localidad sevillana de Coria del R\u00edo.<\/p>\n<p>Durante una ma\u00f1ana muy activa, acompa\u00f1ada de lluvia intermitente, el grupo visit\u00f3 el Museo de la Autonom\u00eda \u2013 Casa Museo de Blas Infante y la Iglesia de Ntra. Sra. De la Estrella, as\u00ed como tuvo oportunidad de hacer un recorrido a pie por el Paseo Fluvial.<\/p>\n<p>Ya por la tarde, tras el almuerzo, el grupo inici\u00f3 el regreso a nuestro municipio, llegando sobre las 17:30 horas.<\/p>\n<p><a href=\"http:\/\/www.casariche.es\/?attachment_id=4837\" rel=\"attachment wp-att-4837\"><img loading=\"lazy\" decoding=\"async\" class=\"aligncenter size-full wp-image-4837\" title=\"v-coria1\" src=\"http:\/\/www.casariche.es\/wp-content\/uploads\/2013\/10\/v-coria12.jpg\" alt=\"\" width=\"480\" height=\"260\" srcset=\"https:\/\/www.casariche.es\/wp-content\/uploads\/2013\/10\/v-coria12.jpg 480w, https:\/\/www.casariche.es\/wp-content\/uploads\/2013\/10\/v-coria12-300x162.jpg 300w\" sizes=\"auto, (max-width: 480px) 100vw, 480px\" \/><\/a><\/p>\n","protected":false},"excerpt":{"rendered":"<p>Cincuenta y cinco casariche\u00f1os, entre ellos, las Concejalas de Cultura y Festejos del Ayuntamiento de Casariche, M\u00aa de los Santos Parrado y Loli Ballesteros, respectivamente,<\/p>\n","protected":false},"author":2,"featured_media":4836,"comment_status":"closed","ping_status":"open","sticky":false,"template":"","format":"standard","meta":{"footnotes":""},"categories":[7,1],"tags":[750,64,38],"class_list":["post-4832","post","type-post","status-publish","format-standard","has-post-thumbnail","hentry","category-cultura","category-sin-categoria","tag-coria-del-rio","tag-cultural","tag-viaje"],"_links":{"self":[{"href":"https:\/\/www.casariche.es\/index.php?rest_route=\/wp\/v2\/posts\/4832","targetHints":{"allow":["GET"]}}],"collection":[{"href":"https:\/\/www.casariche.es\/index.php?rest_route=\/wp\/v2\/posts"}],"about":[{"href":"https:\/\/www.casariche.es\/index.php?rest_route=\/wp\/v2\/types\/post"}],"author":[{"embeddable":true,"href":"https:\/\/www.casariche.es\/index.php?rest_route=\/wp\/v2\/users\/2"}],"replies":[{"embeddable":true,"href":"https:\/\/www.casariche.es\/index.php?rest_route=%2Fwp%2Fv2%2Fcomments&post=4832"}],"version-history":[{"count":3,"href":"https:\/\/www.casariche.es\/index.php?rest_route=\/wp\/v2\/posts\/4832\/revisions"}],"predecessor-version":[{"id":4838,"href":"https:\/\/www.casariche.es\/index.php?rest_route=\/wp\/v2\/posts\/4832\/revisions\/4838"}],"wp:featuredmedia":[{"embeddable":true,"href":"https:\/\/www.casariche.es\/index.php?rest_route=\/wp\/v2\/media\/4836"}],"wp:attachment":[{"href":"https:\/\/www.casariche.es\/index.php?rest_route=%2Fwp%2Fv2%2Fmedia&parent=4832"}],"wp:term":[{"taxonomy":"category","embeddable":true,"href":"https:\/\/www.casariche.es\/index.php?rest_route=%2Fwp%2Fv2%2Fcategories&post=4832"},{"taxonomy":"post_tag","embeddable":true,"href":"https:\/\/www.casariche.es\/index.php?rest_route=%2Fwp%2Fv2%2Ftags&post=4832"}],"curies":[{"name":"wp","href":"https:\/\/api.w.org\/{rel}","templated":true}]}}