{"id":4743,"date":"2013-10-21T14:18:32","date_gmt":"2013-10-21T11:48:32","guid":{"rendered":"http:\/\/www.casariche.es\/?p=4743"},"modified":"2013-10-21T14:42:57","modified_gmt":"2013-10-21T12:12:57","slug":"sigrid-averlan-se-ha-proclamado-campeona-de-la-xvi-media-maraton-marchena-paradas","status":"publish","type":"post","link":"https:\/\/www.casariche.es\/?p=4743","title":{"rendered":"Sigrid Averland se ha proclamado campeona de la XVI Media Marat\u00f3n Marchena Paradas"},"content":{"rendered":"<p>Tres atletas casariche\u00f1os, Sigrid Averland, \u00a0Miguel Angel Espa\u00f1a y Miguel R\u00edos , miembros de la categor\u00eda senior de la Escuela Municipal de Atletismo han participado en la XVI Media Marat\u00f3n Marchena Paradas, celebrada el domingo 20 de Octubre, y en la que nuestra vecina Sigrid Averland se ha proclamado CAMPEONA DE LA CARRERA, siendo la Primera Mujer entrando en Meta con una marca de 1 hora 34 min 35 segundos.<\/p>\n<p>Seg\u00fan Miguel R\u00edos, Director de la Escuela Municipal de Atletismo de Casariche y de la Escuela Provincial que lleva su nombre, el objetivo marcado en esta prueba era superar marcas de cara a la Med\u00eda Marat\u00f3n de C\u00f3rdoba, y casi todos los consiguieron\u00bb. Asimismo, ha mostrado p\u00fablicamente su agradecimiento a la Organizaci\u00f3n del Marat\u00f3n \u00abpor concederle el dorsal n\u00ba 1 en esta carrera\u00bb.<\/p>\n<p><a href=\"http:\/\/www.casariche.es\/?attachment_id=4749\" rel=\"attachment wp-att-4749\"><img loading=\"lazy\" decoding=\"async\" class=\"aligncenter size-full wp-image-4749\" title=\"sigrid averland -media maraton marchena\" src=\"http:\/\/www.casariche.es\/wp-content\/uploads\/2013\/10\/sigrid-averland-media-maraton-marchena1.jpg\" alt=\"\" width=\"480\" height=\"260\" srcset=\"https:\/\/www.casariche.es\/wp-content\/uploads\/2013\/10\/sigrid-averland-media-maraton-marchena1.jpg 480w, https:\/\/www.casariche.es\/wp-content\/uploads\/2013\/10\/sigrid-averland-media-maraton-marchena1-300x162.jpg 300w\" sizes=\"auto, (max-width: 480px) 100vw, 480px\" \/><\/a><\/p>\n<p><a href=\"http:\/\/www.casariche.es\/?attachment_id=4744\" rel=\"attachment wp-att-4744\"><img loading=\"lazy\" decoding=\"async\" class=\"aligncenter size-full wp-image-4744\" title=\"atletismo en marchena\" src=\"http:\/\/www.casariche.es\/wp-content\/uploads\/2013\/10\/atletismo-en-marchena.jpg\" alt=\"\" width=\"480\" height=\"260\" srcset=\"https:\/\/www.casariche.es\/wp-content\/uploads\/2013\/10\/atletismo-en-marchena.jpg 480w, https:\/\/www.casariche.es\/wp-content\/uploads\/2013\/10\/atletismo-en-marchena-300x162.jpg 300w\" sizes=\"auto, (max-width: 480px) 100vw, 480px\" \/><\/a><\/p>\n","protected":false},"excerpt":{"rendered":"<p>Tres atletas casariche\u00f1os, Sigrid Averland, \u00a0Miguel Angel Espa\u00f1a y Miguel R\u00edos , miembros de la categor\u00eda senior de la Escuela Municipal de Atletismo han participado<\/p>\n","protected":false},"author":2,"featured_media":4748,"comment_status":"closed","ping_status":"open","sticky":false,"template":"","format":"standard","meta":{"footnotes":""},"categories":[8,1],"tags":[122,225],"class_list":["post-4743","post","type-post","status-publish","format-standard","has-post-thumbnail","hentry","category-deportes","category-sin-categoria","tag-atletismo","tag-maraton"],"_links":{"self":[{"href":"https:\/\/www.casariche.es\/index.php?rest_route=\/wp\/v2\/posts\/4743","targetHints":{"allow":["GET"]}}],"collection":[{"href":"https:\/\/www.casariche.es\/index.php?rest_route=\/wp\/v2\/posts"}],"about":[{"href":"https:\/\/www.casariche.es\/index.php?rest_route=\/wp\/v2\/types\/post"}],"author":[{"embeddable":true,"href":"https:\/\/www.casariche.es\/index.php?rest_route=\/wp\/v2\/users\/2"}],"replies":[{"embeddable":true,"href":"https:\/\/www.casariche.es\/index.php?rest_route=%2Fwp%2Fv2%2Fcomments&post=4743"}],"version-history":[{"count":3,"href":"https:\/\/www.casariche.es\/index.php?rest_route=\/wp\/v2\/posts\/4743\/revisions"}],"predecessor-version":[{"id":4750,"href":"https:\/\/www.casariche.es\/index.php?rest_route=\/wp\/v2\/posts\/4743\/revisions\/4750"}],"wp:featuredmedia":[{"embeddable":true,"href":"https:\/\/www.casariche.es\/index.php?rest_route=\/wp\/v2\/media\/4748"}],"wp:attachment":[{"href":"https:\/\/www.casariche.es\/index.php?rest_route=%2Fwp%2Fv2%2Fmedia&parent=4743"}],"wp:term":[{"taxonomy":"category","embeddable":true,"href":"https:\/\/www.casariche.es\/index.php?rest_route=%2Fwp%2Fv2%2Fcategories&post=4743"},{"taxonomy":"post_tag","embeddable":true,"href":"https:\/\/www.casariche.es\/index.php?rest_route=%2Fwp%2Fv2%2Ftags&post=4743"}],"curies":[{"name":"wp","href":"https:\/\/api.w.org\/{rel}","templated":true}]}}