{"id":47102,"date":"2022-07-21T17:30:14","date_gmt":"2022-07-21T15:30:14","guid":{"rendered":"https:\/\/www.casariche.es\/?p=47102"},"modified":"2022-07-21T17:04:16","modified_gmt":"2022-07-21T15:04:16","slug":"servicio-de-recogida-de-basuras-durante-la-feria-de-santiago-2022","status":"publish","type":"post","link":"https:\/\/www.casariche.es\/?p=47102","title":{"rendered":"Servicio de Recogida de Basuras durante la Feria de Santiago 2022"},"content":{"rendered":"<header class=\"entry-header\">\n<div class=\"entry-meta\" style=\"text-align: justify;\"><span style=\"font-size: 1rem;\">Desde la Delegaci\u00f3n de Servicios Municipales, se informa que, con motivo de la celebraci\u00f3n de la <\/span><strong style=\"font-size: 1rem;\">Feria de Santiago 2022<\/strong><span style=\"font-size: 1rem;\">\u00a0esta semana, el calendario de\u00a0<\/span><strong style=\"font-size: 1rem;\">recogida de basura<\/strong><span style=\"font-size: 1rem;\"> para estos d\u00edas festivos ser\u00e1 el siguiente:<\/span><\/div>\n<\/header>\n<div class=\"entry-content clearfix\">\n<ul style=\"text-align: justify;\">\n<li>Noche del 21 de Julio (D\u00eda del Pesca\u00edto): S\u00cd HABR\u00c1 SERVICIO<\/li>\n<li>Noche del 22 de Julio (viernes de Feria): NO HABR\u00c1 SERVICIO<\/li>\n<li>Noche del 23 de Julio (s\u00e1bado de Feria): S\u00cd HABR\u00c1 SERVICIO<\/li>\n<li>Noche del 24 de Julio (domingo de Feria): NO HABR\u00c1 SERVICIO<\/li>\n<li>Noche del 25 de Julio (lunes de Feria): S\u00cd HABR\u00c1 SERVICIO<\/li>\n<li>Noche del 26 de Julio (martes Fiesta Local): NO HABR\u00c1 SERVICIO<\/li>\n<\/ul>\n<p style=\"text-align: justify;\">\u00a1<strong>Muchas gracias de nuevo por vuestra colaboraci\u00f3n y Feliz Feria de Santiago 2022<\/strong>!<\/p>\n<p><img loading=\"lazy\" decoding=\"async\" class=\"aligncenter size-full wp-image-47161\" src=\"http:\/\/www.casariche.es\/wp-content\/uploads\/2022\/07\/okBASURA-FERIA.jpg\" alt=\"\" width=\"1227\" height=\"804\" srcset=\"https:\/\/www.casariche.es\/wp-content\/uploads\/2022\/07\/okBASURA-FERIA.jpg 1227w, https:\/\/www.casariche.es\/wp-content\/uploads\/2022\/07\/okBASURA-FERIA-300x197.jpg 300w, https:\/\/www.casariche.es\/wp-content\/uploads\/2022\/07\/okBASURA-FERIA-1024x671.jpg 1024w, https:\/\/www.casariche.es\/wp-content\/uploads\/2022\/07\/okBASURA-FERIA-768x503.jpg 768w\" sizes=\"auto, (max-width: 1227px) 100vw, 1227px\" \/><\/p>\n<p>&nbsp;<\/p>\n<\/div>\n","protected":false},"excerpt":{"rendered":"<p>Desde la Delegaci\u00f3n de Servicios Municipales, se informa que, con motivo de la celebraci\u00f3n de la Feria de Santiago 2022\u00a0esta semana, el calendario de\u00a0recogida de<\/p>\n","protected":false},"author":2,"featured_media":47161,"comment_status":"closed","ping_status":"closed","sticky":false,"template":"","format":"standard","meta":{"footnotes":""},"categories":[1,20,21],"tags":[],"class_list":["post-47102","post","type-post","status-publish","format-standard","has-post-thumbnail","hentry","category-sin-categoria","category-medio-ambiente","category-servicios-municipales"],"_links":{"self":[{"href":"https:\/\/www.casariche.es\/index.php?rest_route=\/wp\/v2\/posts\/47102","targetHints":{"allow":["GET"]}}],"collection":[{"href":"https:\/\/www.casariche.es\/index.php?rest_route=\/wp\/v2\/posts"}],"about":[{"href":"https:\/\/www.casariche.es\/index.php?rest_route=\/wp\/v2\/types\/post"}],"author":[{"embeddable":true,"href":"https:\/\/www.casariche.es\/index.php?rest_route=\/wp\/v2\/users\/2"}],"replies":[{"embeddable":true,"href":"https:\/\/www.casariche.es\/index.php?rest_route=%2Fwp%2Fv2%2Fcomments&post=47102"}],"version-history":[{"count":6,"href":"https:\/\/www.casariche.es\/index.php?rest_route=\/wp\/v2\/posts\/47102\/revisions"}],"predecessor-version":[{"id":47162,"href":"https:\/\/www.casariche.es\/index.php?rest_route=\/wp\/v2\/posts\/47102\/revisions\/47162"}],"wp:featuredmedia":[{"embeddable":true,"href":"https:\/\/www.casariche.es\/index.php?rest_route=\/wp\/v2\/media\/47161"}],"wp:attachment":[{"href":"https:\/\/www.casariche.es\/index.php?rest_route=%2Fwp%2Fv2%2Fmedia&parent=47102"}],"wp:term":[{"taxonomy":"category","embeddable":true,"href":"https:\/\/www.casariche.es\/index.php?rest_route=%2Fwp%2Fv2%2Fcategories&post=47102"},{"taxonomy":"post_tag","embeddable":true,"href":"https:\/\/www.casariche.es\/index.php?rest_route=%2Fwp%2Fv2%2Ftags&post=47102"}],"curies":[{"name":"wp","href":"https:\/\/api.w.org\/{rel}","templated":true}]}}