{"id":47058,"date":"2022-07-20T09:16:43","date_gmt":"2022-07-20T07:16:43","guid":{"rendered":"http:\/\/www.casariche.es\/?p=47058"},"modified":"2022-07-20T09:16:43","modified_gmt":"2022-07-20T07:16:43","slug":"el-domingo-31-de-julio-tenemos-una-nueva-sesion-de-cine-infantil-en-el-cerro-bellido","status":"publish","type":"post","link":"https:\/\/www.casariche.es\/?p=47058","title":{"rendered":"El domingo 31 de julio tenemos una nueva sesi\u00f3n de cine infantil en el Cerro Bellido"},"content":{"rendered":"<div class=\"entry-content clearfix\">\n<p>La Delegaci\u00f3n de Juventud ha preparado una <strong>nueva sesi\u00f3n de cine infantil, apta para toda la familia,<\/strong> que se llevar\u00e1 a cabo en el <strong>Cerro Bellido el domingo 31 de julio a partir de las 22:00<\/strong> <strong>horas.<\/strong><\/p>\n<p>Si quieres pasar un <strong>rato estupendo y lleno de aventuras<\/strong>, no pierdas la ocasi\u00f3n de asistir a la proyecci\u00f3n de esta <strong>pel\u00edcula<\/strong>.<\/p>\n<p>Las\u00a0<strong>inscripciones<\/strong>\u00a0deben hacerse\u00a0<strong>desde el portal municipal de inscripci\u00f3n del Ayuntamiento<\/strong>: <a href=\"http:\/\/inscripciones.casariche.es\" target=\"_blank\" rel=\"noopener\">http:\/\/inscripciones.casariche.es<\/a><\/p>\n<p style=\"text-align: center;\"><a href=\"http:\/\/www.casariche.es\/wp-content\/uploads\/2022\/07\/Imagen-de-Pinterest-Noche-de-Premios-de-Cine-Bermellon-Amarillo-y-Negro-1.jpg\"><img loading=\"lazy\" decoding=\"async\" class=\"aligncenter  wp-image-47059\" src=\"http:\/\/www.casariche.es\/wp-content\/uploads\/2022\/07\/Imagen-de-Pinterest-Noche-de-Premios-de-Cine-Bermellon-Amarillo-y-Negro-1-683x1024.jpg\" alt=\"\" width=\"600\" height=\"900\" srcset=\"https:\/\/www.casariche.es\/wp-content\/uploads\/2022\/07\/Imagen-de-Pinterest-Noche-de-Premios-de-Cine-Bermellon-Amarillo-y-Negro-1-683x1024.jpg 683w, https:\/\/www.casariche.es\/wp-content\/uploads\/2022\/07\/Imagen-de-Pinterest-Noche-de-Premios-de-Cine-Bermellon-Amarillo-y-Negro-1-200x300.jpg 200w, https:\/\/www.casariche.es\/wp-content\/uploads\/2022\/07\/Imagen-de-Pinterest-Noche-de-Premios-de-Cine-Bermellon-Amarillo-y-Negro-1.jpg 735w\" sizes=\"auto, (max-width: 600px) 100vw, 600px\" \/><\/a><\/p>\n<\/div>\n","protected":false},"excerpt":{"rendered":"<p>La Delegaci\u00f3n de Juventud ha preparado una nueva sesi\u00f3n de cine infantil, apta para toda la familia, que se llevar\u00e1 a cabo en el Cerro<\/p>\n","protected":false},"author":1,"featured_media":47059,"comment_status":"closed","ping_status":"closed","sticky":false,"template":"","format":"standard","meta":{"footnotes":""},"categories":[1,22],"tags":[],"class_list":["post-47058","post","type-post","status-publish","format-standard","has-post-thumbnail","hentry","category-sin-categoria","category-juventud"],"_links":{"self":[{"href":"https:\/\/www.casariche.es\/index.php?rest_route=\/wp\/v2\/posts\/47058","targetHints":{"allow":["GET"]}}],"collection":[{"href":"https:\/\/www.casariche.es\/index.php?rest_route=\/wp\/v2\/posts"}],"about":[{"href":"https:\/\/www.casariche.es\/index.php?rest_route=\/wp\/v2\/types\/post"}],"author":[{"embeddable":true,"href":"https:\/\/www.casariche.es\/index.php?rest_route=\/wp\/v2\/users\/1"}],"replies":[{"embeddable":true,"href":"https:\/\/www.casariche.es\/index.php?rest_route=%2Fwp%2Fv2%2Fcomments&post=47058"}],"version-history":[{"count":1,"href":"https:\/\/www.casariche.es\/index.php?rest_route=\/wp\/v2\/posts\/47058\/revisions"}],"predecessor-version":[{"id":47060,"href":"https:\/\/www.casariche.es\/index.php?rest_route=\/wp\/v2\/posts\/47058\/revisions\/47060"}],"wp:featuredmedia":[{"embeddable":true,"href":"https:\/\/www.casariche.es\/index.php?rest_route=\/wp\/v2\/media\/47059"}],"wp:attachment":[{"href":"https:\/\/www.casariche.es\/index.php?rest_route=%2Fwp%2Fv2%2Fmedia&parent=47058"}],"wp:term":[{"taxonomy":"category","embeddable":true,"href":"https:\/\/www.casariche.es\/index.php?rest_route=%2Fwp%2Fv2%2Fcategories&post=47058"},{"taxonomy":"post_tag","embeddable":true,"href":"https:\/\/www.casariche.es\/index.php?rest_route=%2Fwp%2Fv2%2Ftags&post=47058"}],"curies":[{"name":"wp","href":"https:\/\/api.w.org\/{rel}","templated":true}]}}