{"id":45672,"date":"2022-05-24T14:19:52","date_gmt":"2022-05-24T12:19:52","guid":{"rendered":"http:\/\/www.casariche.es\/?p=45672"},"modified":"2022-05-24T14:19:52","modified_gmt":"2022-05-24T12:19:52","slug":"ya-esta-disponible-el-ultimo-programa-hablamos-quedamos-y-te-los-contamos-de-la-delegacion-de-juventud-donde-se-trata-la-salud-mental","status":"publish","type":"post","link":"https:\/\/www.casariche.es\/?p=45672","title":{"rendered":"Ya est\u00e1 disponible el \u00faltimo programa &#8216;Hablamos, quedamos y te los contamos&#8217; de la Delegaci\u00f3n de Juventud, donde se trata la salud mental"},"content":{"rendered":"<p>Nuevo programa \u2018<strong>HABLAMOS, QUEDAMOS Y TE LO CONTAMOS<\/strong>\u2018, llevado a cabo desde la Delegaci\u00f3n de Juventud del Ayuntamiento de Casariche.<\/p>\n<p>En este programa abordamos un tema de vital importancia: la <strong>Salud Mental<\/strong>, tratando temas como los trastornos de conducta alimentaria, el TDAH, la ansiedad, depresi\u00f3n, y otros trastornos mentales, as\u00ed como un serio tema de los suicidios, aportando datos. Asimismo, se habla de c\u00f3mo las redes sociales pueden afectar a nuestra autoimagen y se lanzan consejos al respecto.<\/p>\n<p>De la mano de la<strong> periodista local Mar\u00eda Mar\u00edn<\/strong> y tres j\u00f3venes del pueblo: <strong>Mari \u00c1ngeles Rodr\u00edguez<\/strong>, que es m\u00e9dico residente en el Hospital de Osuna y ha pasado por el \u00e1rea de Salud Mental; <strong>Andrea Herrera<\/strong>, estudiante de Psicolog\u00eda, y <strong>Cristina Moriana<\/strong>, docente que nos cuenta la importancia de la salud mental en la infancia y los recursos que hay en los colegios.<\/p>\n<p><iframe loading=\"lazy\" title=\"IV MESA DE J\u00d3VENES &quot;HABLAMOS, QUEDAMOS Y TE LO CONTAMOS&quot; | Concejal\u00eda de Juventud, Ayto de Casariche\" width=\"750\" height=\"422\" src=\"https:\/\/www.youtube.com\/embed\/FqPbbgh4kMk?feature=oembed\" frameborder=\"0\" allow=\"accelerometer; autoplay; clipboard-write; encrypted-media; gyroscope; picture-in-picture\" allowfullscreen><\/iframe><\/p>\n","protected":false},"excerpt":{"rendered":"<p>Nuevo programa \u2018HABLAMOS, QUEDAMOS Y TE LO CONTAMOS\u2018, llevado a cabo desde la Delegaci\u00f3n de Juventud del Ayuntamiento de Casariche. En este programa abordamos un<\/p>\n","protected":false},"author":1,"featured_media":45673,"comment_status":"closed","ping_status":"closed","sticky":false,"template":"","format":"standard","meta":{"footnotes":""},"categories":[1,22],"tags":[13,337,718,29,4227],"class_list":["post-45672","post","type-post","status-publish","format-standard","has-post-thumbnail","hentry","category-sin-categoria","category-juventud","tag-casariche","tag-juventippo","tag-juventud-2","tag-programa","tag-salud-mental"],"_links":{"self":[{"href":"https:\/\/www.casariche.es\/index.php?rest_route=\/wp\/v2\/posts\/45672","targetHints":{"allow":["GET"]}}],"collection":[{"href":"https:\/\/www.casariche.es\/index.php?rest_route=\/wp\/v2\/posts"}],"about":[{"href":"https:\/\/www.casariche.es\/index.php?rest_route=\/wp\/v2\/types\/post"}],"author":[{"embeddable":true,"href":"https:\/\/www.casariche.es\/index.php?rest_route=\/wp\/v2\/users\/1"}],"replies":[{"embeddable":true,"href":"https:\/\/www.casariche.es\/index.php?rest_route=%2Fwp%2Fv2%2Fcomments&post=45672"}],"version-history":[{"count":1,"href":"https:\/\/www.casariche.es\/index.php?rest_route=\/wp\/v2\/posts\/45672\/revisions"}],"predecessor-version":[{"id":45674,"href":"https:\/\/www.casariche.es\/index.php?rest_route=\/wp\/v2\/posts\/45672\/revisions\/45674"}],"wp:featuredmedia":[{"embeddable":true,"href":"https:\/\/www.casariche.es\/index.php?rest_route=\/wp\/v2\/media\/45673"}],"wp:attachment":[{"href":"https:\/\/www.casariche.es\/index.php?rest_route=%2Fwp%2Fv2%2Fmedia&parent=45672"}],"wp:term":[{"taxonomy":"category","embeddable":true,"href":"https:\/\/www.casariche.es\/index.php?rest_route=%2Fwp%2Fv2%2Fcategories&post=45672"},{"taxonomy":"post_tag","embeddable":true,"href":"https:\/\/www.casariche.es\/index.php?rest_route=%2Fwp%2Fv2%2Ftags&post=45672"}],"curies":[{"name":"wp","href":"https:\/\/api.w.org\/{rel}","templated":true}]}}