{"id":44964,"date":"2022-04-22T14:21:29","date_gmt":"2022-04-22T12:21:29","guid":{"rendered":"http:\/\/www.casariche.es\/?p=44964"},"modified":"2022-04-22T22:09:41","modified_gmt":"2022-04-22T20:09:41","slug":"os-presentamos-un-nuevo-programa-hablamos-quedamos-y-te-lo-contamos-en-el-que-la-movilidad-es-el-tema-central","status":"publish","type":"post","link":"https:\/\/www.casariche.es\/?p=44964","title":{"rendered":"Os presentamos un nuevo programa &#8216;Hablamos, quedamos y te lo contamos&#8217; en el que la movilidad es el tema central"},"content":{"rendered":"<p>Presentamos un nuevo programa \u2018<strong>HABLAMOS, QUEDAMOS Y TE LO CONTAMOS<\/strong>&#8216;, de la Concejal\u00eda de Juventud del Excmo. Ayuntamiento de Casariche, en el que hablamos de MOVILIDAD con j\u00f3venes de nuestro pueblo.<\/p>\n<p>Un interesante programa para todo aquel que quiera viajar, en el que se habla de becas para universitarios como son las conocidas <strong>ERASMUS<\/strong> o <strong>SICUE<\/strong>; la <strong>Beca Iberoamericana<\/strong> y los proyectos de <strong>Cooperaci\u00f3n Internacional<\/strong> que nos dan la posibilidad de vivir una experiencia de aprendizaje en el continente americano; voluntariados, intercambios; becas para estudiantes as\u00ed como opciones para emprendedores o cualquier persona, independientemente de la edad y de su situaci\u00f3n laboral.<\/p>\n<p>En nuestro pa\u00eds hay un amplio abanico de opciones para viajar, conocer nuevas culturas, hacer un proyecto de investigaci\u00f3n, emprender, etc. Y <strong>de todo ello se habla en este programa con la periodista local Mar\u00eda Mar\u00edn, y los participantes Merche Moriana, Mar\u00eda Prieto, Beatriz Espa\u00f1a y Juanfran Mar\u00edn<\/strong>, a quien agradecemos que nos contaran su experiencia con estas becas.<\/p>\n<p><iframe loading=\"lazy\" title=\"IV MESA DE J\u00d3VENES &quot;HABLAMOS, QUEDAMOS Y TE LO CONTAMOS&quot; | Concejal\u00eda de Juventud, Ayto de Casariche\" width=\"750\" height=\"422\" src=\"https:\/\/www.youtube.com\/embed\/8Py4YGT3644?feature=oembed\" frameborder=\"0\" allow=\"accelerometer; autoplay; clipboard-write; encrypted-media; gyroscope; picture-in-picture\" allowfullscreen><\/iframe><\/p>\n","protected":false},"excerpt":{"rendered":"<p>Presentamos un nuevo programa \u2018HABLAMOS, QUEDAMOS Y TE LO CONTAMOS&#8216;, de la Concejal\u00eda de Juventud del Excmo. Ayuntamiento de Casariche, en el que hablamos de<\/p>\n","protected":false},"author":1,"featured_media":44966,"comment_status":"closed","ping_status":"closed","sticky":false,"template":"","format":"standard","meta":{"footnotes":""},"categories":[1,22],"tags":[718,2744,29],"class_list":["post-44964","post","type-post","status-publish","format-standard","has-post-thumbnail","hentry","category-sin-categoria","category-juventud","tag-juventud-2","tag-movilidad","tag-programa"],"_links":{"self":[{"href":"https:\/\/www.casariche.es\/index.php?rest_route=\/wp\/v2\/posts\/44964","targetHints":{"allow":["GET"]}}],"collection":[{"href":"https:\/\/www.casariche.es\/index.php?rest_route=\/wp\/v2\/posts"}],"about":[{"href":"https:\/\/www.casariche.es\/index.php?rest_route=\/wp\/v2\/types\/post"}],"author":[{"embeddable":true,"href":"https:\/\/www.casariche.es\/index.php?rest_route=\/wp\/v2\/users\/1"}],"replies":[{"embeddable":true,"href":"https:\/\/www.casariche.es\/index.php?rest_route=%2Fwp%2Fv2%2Fcomments&post=44964"}],"version-history":[{"count":3,"href":"https:\/\/www.casariche.es\/index.php?rest_route=\/wp\/v2\/posts\/44964\/revisions"}],"predecessor-version":[{"id":44999,"href":"https:\/\/www.casariche.es\/index.php?rest_route=\/wp\/v2\/posts\/44964\/revisions\/44999"}],"wp:featuredmedia":[{"embeddable":true,"href":"https:\/\/www.casariche.es\/index.php?rest_route=\/wp\/v2\/media\/44966"}],"wp:attachment":[{"href":"https:\/\/www.casariche.es\/index.php?rest_route=%2Fwp%2Fv2%2Fmedia&parent=44964"}],"wp:term":[{"taxonomy":"category","embeddable":true,"href":"https:\/\/www.casariche.es\/index.php?rest_route=%2Fwp%2Fv2%2Fcategories&post=44964"},{"taxonomy":"post_tag","embeddable":true,"href":"https:\/\/www.casariche.es\/index.php?rest_route=%2Fwp%2Fv2%2Ftags&post=44964"}],"curies":[{"name":"wp","href":"https:\/\/api.w.org\/{rel}","templated":true}]}}