{"id":36070,"date":"2021-02-26T14:49:44","date_gmt":"2021-02-26T13:49:44","guid":{"rendered":"http:\/\/www.casariche.es\/?p=36070"},"modified":"2021-02-26T14:49:44","modified_gmt":"2021-02-26T13:49:44","slug":"continua-estable-la-situacion-epidemiologica-de-casariche-tras-el-octavo-dia-sin-nuevos-contagios","status":"publish","type":"post","link":"https:\/\/www.casariche.es\/?p=36070","title":{"rendered":"Contin\u00faa estable la situaci\u00f3n epidemiol\u00f3gica de Casariche, tras el octavo d\u00eda sin nuevos contagios"},"content":{"rendered":"<p>Tras la publicaci\u00f3n de los datos oficiales de la pandemia, derivada de la COVID19, publicados por el Instituto de Estad\u00edstica y Cartograf\u00eda de Andaluc\u00eda y por la Consejer\u00eda de Salud y Familias, <strong>se confirma un nuevo d\u00eda sin casos positivos en Casariche, siendo ya ocho los d\u00edas sin contagios nuevos<\/strong>.<\/p>\n<p>Tanto la incidencia acumulada, como los \u00abcasos activos positivos\u00bb de los \u00faltimos 7 y 14 d\u00edas, mantienen los valores de ayer, es decir, <strong>una tasa de contagio de 165&#8217;8 casos por cada 100.000 habitantes con 9 casos positivos en los \u00faltimos 14 d\u00edas, y ning\u00fan caso en los \u00faltimos 7 d\u00edas<\/strong>.<\/p>\n<p>Para continuar esta tendencia tan positiva, debemos continuar esforz\u00e1ndonos y respetando las medidas establecidas, especialmente con el uso de la mascarilla, manteniendo la distancia social, lav\u00e1ndonos constantemente las manos y ventilando los espacios cerrados.<\/p>\n<p>Mucha fuerza y \u00e1nimo, Casariche. \u00a1Juntos saldremos adelante!<\/p>\n<p style=\"text-align: center;\"><a href=\"http:\/\/www.casariche.es\/wp-content\/uploads\/2021\/02\/covid19-17.png\"><img loading=\"lazy\" decoding=\"async\" class=\"aligncenter  wp-image-36072\" src=\"http:\/\/www.casariche.es\/wp-content\/uploads\/2021\/02\/covid19-17.png\" alt=\"\" width=\"601\" height=\"317\" srcset=\"https:\/\/www.casariche.es\/wp-content\/uploads\/2021\/02\/covid19-17.png 960w, https:\/\/www.casariche.es\/wp-content\/uploads\/2021\/02\/covid19-17-300x158.png 300w, https:\/\/www.casariche.es\/wp-content\/uploads\/2021\/02\/covid19-17-768x406.png 768w\" sizes=\"auto, (max-width: 601px) 100vw, 601px\" \/><\/a><\/p>\n","protected":false},"excerpt":{"rendered":"<p>Tras la publicaci\u00f3n de los datos oficiales de la pandemia, derivada de la COVID19, publicados por el Instituto de Estad\u00edstica y Cartograf\u00eda de Andaluc\u00eda y<\/p>\n","protected":false},"author":1,"featured_media":36072,"comment_status":"closed","ping_status":"closed","sticky":false,"template":"","format":"standard","meta":{"footnotes":""},"categories":[1],"tags":[45,2901,2900],"class_list":["post-36070","post","type-post","status-publish","format-standard","has-post-thumbnail","hentry","category-sin-categoria","tag-ayuntamiento","tag-coronavirus","tag-covid19"],"_links":{"self":[{"href":"https:\/\/www.casariche.es\/index.php?rest_route=\/wp\/v2\/posts\/36070","targetHints":{"allow":["GET"]}}],"collection":[{"href":"https:\/\/www.casariche.es\/index.php?rest_route=\/wp\/v2\/posts"}],"about":[{"href":"https:\/\/www.casariche.es\/index.php?rest_route=\/wp\/v2\/types\/post"}],"author":[{"embeddable":true,"href":"https:\/\/www.casariche.es\/index.php?rest_route=\/wp\/v2\/users\/1"}],"replies":[{"embeddable":true,"href":"https:\/\/www.casariche.es\/index.php?rest_route=%2Fwp%2Fv2%2Fcomments&post=36070"}],"version-history":[{"count":2,"href":"https:\/\/www.casariche.es\/index.php?rest_route=\/wp\/v2\/posts\/36070\/revisions"}],"predecessor-version":[{"id":36073,"href":"https:\/\/www.casariche.es\/index.php?rest_route=\/wp\/v2\/posts\/36070\/revisions\/36073"}],"wp:featuredmedia":[{"embeddable":true,"href":"https:\/\/www.casariche.es\/index.php?rest_route=\/wp\/v2\/media\/36072"}],"wp:attachment":[{"href":"https:\/\/www.casariche.es\/index.php?rest_route=%2Fwp%2Fv2%2Fmedia&parent=36070"}],"wp:term":[{"taxonomy":"category","embeddable":true,"href":"https:\/\/www.casariche.es\/index.php?rest_route=%2Fwp%2Fv2%2Fcategories&post=36070"},{"taxonomy":"post_tag","embeddable":true,"href":"https:\/\/www.casariche.es\/index.php?rest_route=%2Fwp%2Fv2%2Ftags&post=36070"}],"curies":[{"name":"wp","href":"https:\/\/api.w.org\/{rel}","templated":true}]}}