{"id":34138,"date":"2020-10-26T14:30:15","date_gmt":"2020-10-26T12:30:15","guid":{"rendered":"http:\/\/www.casariche.es\/?p=34138"},"modified":"2020-10-26T14:38:36","modified_gmt":"2020-10-26T12:38:36","slug":"desciende-la-tasa-de-contagio-por-cada-100-00-habitantes-a-1833-casos-confirmandose-2-nuevos-positivos-por-covid19-desde-el-pasado-viernes","status":"publish","type":"post","link":"https:\/\/www.casariche.es\/?p=34138","title":{"rendered":"Desciende la tasa de contagio por cada 100.000 habitantes a 183&#8217;3 casos, confirm\u00e1ndose 2 nuevos positivos por COVID19 desde el pasado viernes"},"content":{"rendered":"<p>Una vez actualizados los datos oficiales por parte del Instituto de Estad\u00edstica y Cartograf\u00eda de Casariche y de la Consejer\u00eda de Salud y Familias, <strong>se confirman 2 nuevos casos positivos por COVID19 desde el pasado viernes d\u00eda 23 de octubre<\/strong>.<\/p>\n<p>El n\u00famero de \u00abcasos activos positivos\u00bb en los \u00faltimos 7 d\u00edas se mantiene en 3 casos, y <strong>la tasa de contagio por cada 100.000 habitantes desciende casi 100 puntos, situ\u00e1ndose a fecha de hoy en 183&#8217;3 casos (la media de la provincia de Sevilla es de 423&#8217;9 casos, es decir, m\u00e1s del doble que en Casariche)<\/strong>.<\/p>\n<p>Este es el camino a seguir, sin relajaciones y continuando siendo responsables, ya que con el esfuerzo de todas las casariche\u00f1as y casariche\u00f1os estamos logrando estabilizar la situaci\u00f3n de la pandemia en nuestro pueblo.<\/p>\n<p>Mucho \u00e1nimo y fuerza, Casariche. \u00a1Juntos saldremos adelante!<\/p>\n<p style=\"text-align: center;\"><img loading=\"lazy\" decoding=\"async\" class=\"aligncenter wp-image-34140\" src=\"http:\/\/www.casariche.es\/wp-content\/uploads\/2020\/10\/covid19-14.png\" alt=\"\" width=\"599\" height=\"301\" srcset=\"https:\/\/www.casariche.es\/wp-content\/uploads\/2020\/10\/covid19-14.png 955w, https:\/\/www.casariche.es\/wp-content\/uploads\/2020\/10\/covid19-14-300x151.png 300w, https:\/\/www.casariche.es\/wp-content\/uploads\/2020\/10\/covid19-14-768x386.png 768w\" sizes=\"auto, (max-width: 599px) 100vw, 599px\" \/><\/p>\n","protected":false},"excerpt":{"rendered":"<p>Una vez actualizados los datos oficiales por parte del Instituto de Estad\u00edstica y Cartograf\u00eda de Casariche y de la Consejer\u00eda de Salud y Familias, se<\/p>\n","protected":false},"author":1,"featured_media":34140,"comment_status":"closed","ping_status":"closed","sticky":false,"template":"","format":"standard","meta":{"footnotes":""},"categories":[1],"tags":[45,13,3247,2901,2900],"class_list":["post-34138","post","type-post","status-publish","format-standard","has-post-thumbnail","hentry","category-sin-categoria","tag-ayuntamiento","tag-casariche","tag-casos-positivos","tag-coronavirus","tag-covid19"],"_links":{"self":[{"href":"https:\/\/www.casariche.es\/index.php?rest_route=\/wp\/v2\/posts\/34138","targetHints":{"allow":["GET"]}}],"collection":[{"href":"https:\/\/www.casariche.es\/index.php?rest_route=\/wp\/v2\/posts"}],"about":[{"href":"https:\/\/www.casariche.es\/index.php?rest_route=\/wp\/v2\/types\/post"}],"author":[{"embeddable":true,"href":"https:\/\/www.casariche.es\/index.php?rest_route=\/wp\/v2\/users\/1"}],"replies":[{"embeddable":true,"href":"https:\/\/www.casariche.es\/index.php?rest_route=%2Fwp%2Fv2%2Fcomments&post=34138"}],"version-history":[{"count":2,"href":"https:\/\/www.casariche.es\/index.php?rest_route=\/wp\/v2\/posts\/34138\/revisions"}],"predecessor-version":[{"id":34145,"href":"https:\/\/www.casariche.es\/index.php?rest_route=\/wp\/v2\/posts\/34138\/revisions\/34145"}],"wp:featuredmedia":[{"embeddable":true,"href":"https:\/\/www.casariche.es\/index.php?rest_route=\/wp\/v2\/media\/34140"}],"wp:attachment":[{"href":"https:\/\/www.casariche.es\/index.php?rest_route=%2Fwp%2Fv2%2Fmedia&parent=34138"}],"wp:term":[{"taxonomy":"category","embeddable":true,"href":"https:\/\/www.casariche.es\/index.php?rest_route=%2Fwp%2Fv2%2Fcategories&post=34138"},{"taxonomy":"post_tag","embeddable":true,"href":"https:\/\/www.casariche.es\/index.php?rest_route=%2Fwp%2Fv2%2Ftags&post=34138"}],"curies":[{"name":"wp","href":"https:\/\/api.w.org\/{rel}","templated":true}]}}