{"id":34097,"date":"2020-10-23T08:49:58","date_gmt":"2020-10-23T06:49:58","guid":{"rendered":"http:\/\/www.casariche.es\/?p=34097"},"modified":"2020-10-23T08:49:58","modified_gmt":"2020-10-23T06:49:58","slug":"en-la-noche-del-sabado-24-al-domingo-25-de-octubre-cambiamos-al-horario-de-invierno","status":"publish","type":"post","link":"https:\/\/www.casariche.es\/?p=34097","title":{"rendered":"En la noche del s\u00e1bado 24 al domingo 25 de Octubre cambiamos al horario de invierno"},"content":{"rendered":"<p style=\"text-align: justify;\">Este fin de semana, concretamente l<strong>a noche de ma\u00f1ana s\u00e1bado 24 al domingo 25 de Octubre de 2020, se producir\u00e1 en Espa\u00f1a el cambio al horario de invierno<\/strong>. <strong>A las 03.00 de la madrugada (en la Pen\u00ednsula), los relojes se retrasar\u00e1n una hora y ser\u00e1n de nuevo las 02.00<\/strong>. De esta forma, entrar\u00e1 oficialmente el horario de invierno 2020\/2021, el cual se alargar\u00e1 hasta finales de marzo.<\/p>\n<p style=\"text-align: justify;\">El efecto m\u00e1s inmediato es que amanecer\u00e1 y anochecer\u00e1 antes. Por tanto, las tardes ser\u00e1n m\u00e1s cortas &#8211; hablando en clave de luz solar &#8211; pero las ma\u00f1anas contar\u00e1n con m\u00e1s horas de sol.<\/p>\n<p style=\"text-align: justify;\"><strong>\u00a1No olvid\u00e9is atrasar vuestros relojes!<\/strong><\/p>\n<p><img loading=\"lazy\" decoding=\"async\" class=\"aligncenter wp-image-34105 size-full\" src=\"http:\/\/www.casariche.es\/wp-content\/uploads\/2020\/10\/CAMBIO-HORA2020.jpg\" alt=\"\" width=\"480\" height=\"340\" srcset=\"https:\/\/www.casariche.es\/wp-content\/uploads\/2020\/10\/CAMBIO-HORA2020.jpg 480w, https:\/\/www.casariche.es\/wp-content\/uploads\/2020\/10\/CAMBIO-HORA2020-300x213.jpg 300w\" sizes=\"auto, (max-width: 480px) 100vw, 480px\" \/><\/p>\n<p>&nbsp;<\/p>\n","protected":false},"excerpt":{"rendered":"<p>Este fin de semana, concretamente la noche de ma\u00f1ana s\u00e1bado 24 al domingo 25 de Octubre de 2020, se producir\u00e1 en Espa\u00f1a el cambio al<\/p>\n","protected":false},"author":2,"featured_media":34105,"comment_status":"closed","ping_status":"closed","sticky":false,"template":"","format":"standard","meta":{"footnotes":""},"categories":[1],"tags":[3413,753,1420,3412,2921],"class_list":["post-34097","post","type-post","status-publish","format-standard","has-post-thumbnail","hentry","category-sin-categoria","tag-atrasar","tag-cambio","tag-hora","tag-madrugada","tag-relojes"],"_links":{"self":[{"href":"https:\/\/www.casariche.es\/index.php?rest_route=\/wp\/v2\/posts\/34097","targetHints":{"allow":["GET"]}}],"collection":[{"href":"https:\/\/www.casariche.es\/index.php?rest_route=\/wp\/v2\/posts"}],"about":[{"href":"https:\/\/www.casariche.es\/index.php?rest_route=\/wp\/v2\/types\/post"}],"author":[{"embeddable":true,"href":"https:\/\/www.casariche.es\/index.php?rest_route=\/wp\/v2\/users\/2"}],"replies":[{"embeddable":true,"href":"https:\/\/www.casariche.es\/index.php?rest_route=%2Fwp%2Fv2%2Fcomments&post=34097"}],"version-history":[{"count":3,"href":"https:\/\/www.casariche.es\/index.php?rest_route=\/wp\/v2\/posts\/34097\/revisions"}],"predecessor-version":[{"id":34106,"href":"https:\/\/www.casariche.es\/index.php?rest_route=\/wp\/v2\/posts\/34097\/revisions\/34106"}],"wp:featuredmedia":[{"embeddable":true,"href":"https:\/\/www.casariche.es\/index.php?rest_route=\/wp\/v2\/media\/34105"}],"wp:attachment":[{"href":"https:\/\/www.casariche.es\/index.php?rest_route=%2Fwp%2Fv2%2Fmedia&parent=34097"}],"wp:term":[{"taxonomy":"category","embeddable":true,"href":"https:\/\/www.casariche.es\/index.php?rest_route=%2Fwp%2Fv2%2Fcategories&post=34097"},{"taxonomy":"post_tag","embeddable":true,"href":"https:\/\/www.casariche.es\/index.php?rest_route=%2Fwp%2Fv2%2Ftags&post=34097"}],"curies":[{"name":"wp","href":"https:\/\/api.w.org\/{rel}","templated":true}]}}