{"id":33902,"date":"2020-10-15T13:25:11","date_gmt":"2020-10-15T11:25:11","guid":{"rendered":"http:\/\/www.casariche.es\/?p=33902"},"modified":"2020-10-15T14:18:00","modified_gmt":"2020-10-15T12:18:00","slug":"por-segundo-dia-consecutivo-no-se-registran-nuevos-casos-de-covid19-en-casariche","status":"publish","type":"post","link":"https:\/\/www.casariche.es\/?p=33902","title":{"rendered":"Por segundo d\u00eda consecutivo no se registran nuevos casos de COVID19 en Casariche"},"content":{"rendered":"<p>Los \u00faltimos datos oficiales publicados por el Instituto de Estad\u00edstica y Cartograf\u00eda de Andaluc\u00eda y la Consejer\u00eda de Salud y Familias, muestran que la situaci\u00f3n epidemiol\u00f3gica de Casariche derivada de la pandemia provocada por la COVID19 contin\u00faa mejorando, ya que <strong>por segundo d\u00eda consecutivo no se ha registrado ning\u00fan nuevo caso positivo<\/strong> en nuestra localidad.<\/p>\n<p><strong>En lo referente a los \u00abcasos activos positivos\u00bb en los \u00faltimos 7 d\u00edas, \u00e9stos contin\u00faan siendo 10 casos, mientras que la tasa de contagio por cada 100.000 habitantes contin\u00faa bajando<\/strong> situ\u00e1ndose en la actualidad en 733\u20191 casos.<\/p>\n<p>A d\u00eda de hoy, <strong>estamos a la espera de que la Delegaci\u00f3n Territorial de Salud y Familias dicte resoluci\u00f3n sobre la modificaci\u00f3n de las medidas restrictivas que afectan a Casariche, en base al\u00a0 BOJA de ayer 14 de octubre.<\/strong><\/p>\n<p>A pesar de esta tendencia positiva, <strong>no es momento de relajarnos, debemos continuar esforz\u00e1ndonos y respetando al m\u00e1ximo las medidas preventivas<\/strong> que todos conocemos: uso de mascarillas, higiene de manos y distanciamiento social.<\/p>\n<p>Mucho \u00e1nimo y fuerza, Casariche. \u00a1Juntos saldremos adelante!<\/p>\n<p style=\"text-align: center;\"><a href=\"http:\/\/www.casariche.es\/wp-content\/uploads\/2020\/10\/covid19-8.png\"><img loading=\"lazy\" decoding=\"async\" class=\"aligncenter wp-image-33903\" src=\"http:\/\/www.casariche.es\/wp-content\/uploads\/2020\/10\/covid19-8.png\" alt=\"\" width=\"601\" height=\"302\" srcset=\"https:\/\/www.casariche.es\/wp-content\/uploads\/2020\/10\/covid19-8.png 955w, https:\/\/www.casariche.es\/wp-content\/uploads\/2020\/10\/covid19-8-300x151.png 300w, https:\/\/www.casariche.es\/wp-content\/uploads\/2020\/10\/covid19-8-768x386.png 768w\" sizes=\"auto, (max-width: 601px) 100vw, 601px\" \/><\/a><\/p>\n","protected":false},"excerpt":{"rendered":"<p>Los \u00faltimos datos oficiales publicados por el Instituto de Estad\u00edstica y Cartograf\u00eda de Andaluc\u00eda y la Consejer\u00eda de Salud y Familias, muestran que la situaci\u00f3n<\/p>\n","protected":false},"author":1,"featured_media":33903,"comment_status":"closed","ping_status":"closed","sticky":false,"template":"","format":"standard","meta":{"footnotes":""},"categories":[1],"tags":[45,13,3247,2901,2900],"class_list":["post-33902","post","type-post","status-publish","format-standard","has-post-thumbnail","hentry","category-sin-categoria","tag-ayuntamiento","tag-casariche","tag-casos-positivos","tag-coronavirus","tag-covid19"],"_links":{"self":[{"href":"https:\/\/www.casariche.es\/index.php?rest_route=\/wp\/v2\/posts\/33902","targetHints":{"allow":["GET"]}}],"collection":[{"href":"https:\/\/www.casariche.es\/index.php?rest_route=\/wp\/v2\/posts"}],"about":[{"href":"https:\/\/www.casariche.es\/index.php?rest_route=\/wp\/v2\/types\/post"}],"author":[{"embeddable":true,"href":"https:\/\/www.casariche.es\/index.php?rest_route=\/wp\/v2\/users\/1"}],"replies":[{"embeddable":true,"href":"https:\/\/www.casariche.es\/index.php?rest_route=%2Fwp%2Fv2%2Fcomments&post=33902"}],"version-history":[{"count":2,"href":"https:\/\/www.casariche.es\/index.php?rest_route=\/wp\/v2\/posts\/33902\/revisions"}],"predecessor-version":[{"id":33905,"href":"https:\/\/www.casariche.es\/index.php?rest_route=\/wp\/v2\/posts\/33902\/revisions\/33905"}],"wp:featuredmedia":[{"embeddable":true,"href":"https:\/\/www.casariche.es\/index.php?rest_route=\/wp\/v2\/media\/33903"}],"wp:attachment":[{"href":"https:\/\/www.casariche.es\/index.php?rest_route=%2Fwp%2Fv2%2Fmedia&parent=33902"}],"wp:term":[{"taxonomy":"category","embeddable":true,"href":"https:\/\/www.casariche.es\/index.php?rest_route=%2Fwp%2Fv2%2Fcategories&post=33902"},{"taxonomy":"post_tag","embeddable":true,"href":"https:\/\/www.casariche.es\/index.php?rest_route=%2Fwp%2Fv2%2Ftags&post=33902"}],"curies":[{"name":"wp","href":"https:\/\/api.w.org\/{rel}","templated":true}]}}