{"id":33884,"date":"2020-10-14T16:24:07","date_gmt":"2020-10-14T14:24:07","guid":{"rendered":"http:\/\/www.casariche.es\/?p=33884"},"modified":"2020-10-14T16:24:07","modified_gmt":"2020-10-14T14:24:07","slug":"en-las-ultimas-24-horas-no-se-registra-ningun-nuevo-caso-positivo-por-covid19-en-casariche","status":"publish","type":"post","link":"https:\/\/www.casariche.es\/?p=33884","title":{"rendered":"En las \u00faltimas 24 horas no se registra ning\u00fan nuevo caso positivo por COVID19 en Casariche"},"content":{"rendered":"<p>Siguen sucedi\u00e9ndose las buenas noticias en referencia a la situaci\u00f3n epidemiol\u00f3gica de Casariche derivada de la pandemia provocada por la COVID19, ya que seg\u00fan los datos oficiales que ha publicado el Instituto de Estad\u00edstica y Cartograf\u00eda de Andaluc\u00eda y la Consejer\u00eda de Salud y Familias, <strong>en las \u00faltimas 24 horas no se ha registrado ning\u00fan nuevo caso positivo<\/strong> en nuestra localidad.<\/p>\n<p><strong>Esta tendencia positiva tambi\u00e9n se ve reflejada en los \u00abcasos activos positivos\u00bb en los \u00faltimos 7 d\u00edas, los cuales se cifran en 10 casos, e igualmente la tasa de contagio por cada 100.000 habitantes contin\u00faa su descenso<\/strong>, situ\u00e1ndose en la actualidad en 843&#8217;1 casos.<\/p>\n<p>Con respecto a las medidas restrictivas que decret\u00f3 la Junta de Andaluc\u00eda el pasado mi\u00e9rcoles d\u00eda 30 de septiembre y que afectaban a nuestro pueblo, <strong>estamos a la espera de la publicaci\u00f3n oficial en el BOJA de las modificaciones<\/strong> de las mismas para hacerlas p\u00fablicas.<\/p>\n<p>\u00a1Juntos saldremos adelante! Mucho \u00e1nimo y fuerza, Casariche.<\/p>\n<p style=\"text-align: center;\"><a href=\"http:\/\/www.casariche.es\/wp-content\/uploads\/2020\/10\/covid19-7.png\"><img loading=\"lazy\" decoding=\"async\" class=\"aligncenter wp-image-33885\" src=\"http:\/\/www.casariche.es\/wp-content\/uploads\/2020\/10\/covid19-7.png\" alt=\"\" width=\"599\" height=\"301\" srcset=\"https:\/\/www.casariche.es\/wp-content\/uploads\/2020\/10\/covid19-7.png 955w, https:\/\/www.casariche.es\/wp-content\/uploads\/2020\/10\/covid19-7-300x151.png 300w, https:\/\/www.casariche.es\/wp-content\/uploads\/2020\/10\/covid19-7-768x386.png 768w\" sizes=\"auto, (max-width: 599px) 100vw, 599px\" \/><\/a><\/p>\n","protected":false},"excerpt":{"rendered":"<p>Siguen sucedi\u00e9ndose las buenas noticias en referencia a la situaci\u00f3n epidemiol\u00f3gica de Casariche derivada de la pandemia provocada por la COVID19, ya que seg\u00fan los<\/p>\n","protected":false},"author":1,"featured_media":33885,"comment_status":"closed","ping_status":"closed","sticky":false,"template":"","format":"standard","meta":{"footnotes":""},"categories":[1],"tags":[13,3247,2901,2900,3363],"class_list":["post-33884","post","type-post","status-publish","format-standard","has-post-thumbnail","hentry","category-sin-categoria","tag-casariche","tag-casos-positivos","tag-coronavirus","tag-covid19","tag-pandemia"],"_links":{"self":[{"href":"https:\/\/www.casariche.es\/index.php?rest_route=\/wp\/v2\/posts\/33884","targetHints":{"allow":["GET"]}}],"collection":[{"href":"https:\/\/www.casariche.es\/index.php?rest_route=\/wp\/v2\/posts"}],"about":[{"href":"https:\/\/www.casariche.es\/index.php?rest_route=\/wp\/v2\/types\/post"}],"author":[{"embeddable":true,"href":"https:\/\/www.casariche.es\/index.php?rest_route=\/wp\/v2\/users\/1"}],"replies":[{"embeddable":true,"href":"https:\/\/www.casariche.es\/index.php?rest_route=%2Fwp%2Fv2%2Fcomments&post=33884"}],"version-history":[{"count":2,"href":"https:\/\/www.casariche.es\/index.php?rest_route=\/wp\/v2\/posts\/33884\/revisions"}],"predecessor-version":[{"id":33887,"href":"https:\/\/www.casariche.es\/index.php?rest_route=\/wp\/v2\/posts\/33884\/revisions\/33887"}],"wp:featuredmedia":[{"embeddable":true,"href":"https:\/\/www.casariche.es\/index.php?rest_route=\/wp\/v2\/media\/33885"}],"wp:attachment":[{"href":"https:\/\/www.casariche.es\/index.php?rest_route=%2Fwp%2Fv2%2Fmedia&parent=33884"}],"wp:term":[{"taxonomy":"category","embeddable":true,"href":"https:\/\/www.casariche.es\/index.php?rest_route=%2Fwp%2Fv2%2Fcategories&post=33884"},{"taxonomy":"post_tag","embeddable":true,"href":"https:\/\/www.casariche.es\/index.php?rest_route=%2Fwp%2Fv2%2Ftags&post=33884"}],"curies":[{"name":"wp","href":"https:\/\/api.w.org\/{rel}","templated":true}]}}