{"id":31888,"date":"2020-06-11T13:31:34","date_gmt":"2020-06-11T11:31:34","guid":{"rendered":"http:\/\/www.casariche.es\/?p=31888"},"modified":"2020-06-22T13:38:28","modified_gmt":"2020-06-22T11:38:28","slug":"nuestra-coleccion-museografica-acoge-la-exposicion-la-palabra-la-pintura-el-silencio-de-jose-maria-bermejo","status":"publish","type":"post","link":"https:\/\/www.casariche.es\/?p=31888","title":{"rendered":"Nuestra Colecci\u00f3n Museogr\u00e1fica acoge la exposici\u00f3n \u00abLa palabra, la pintura, el silencio\u00bb de Jos\u00e9 Mar\u00eda Bermejo"},"content":{"rendered":"<p style=\"text-align: justify;\"><strong>La Sala de Exposiciones Temporales de la Colecci\u00f3n Museogr\u00e1fica<\/strong> del Mosaico Romano de Casariche <strong>acoge hasta el 10 de Julio, la exposici\u00f3n \u00abLa palabra, la pintura, el silencio\u00bb, del pintor sevillano Jos\u00e9 Mar\u00eda Bermejo<\/strong>.<\/p>\n<p style=\"text-align: justify;\">Jos\u00e9 Mar\u00eda Bermejo, nacido en Olivares (Sevilla), est\u00e1 considerado uno de los m\u00e1ximos\u00a0exponentes de la pintura abstracta sevillana, perteneciente a una generaci\u00f3n que\u00a0supuso la ruptura de la pl\u00e1stica sevillana con los c\u00e1nones tradicionales de la figuraci\u00f3n\u00a0y, por lo tanto, la apertura a la modernidad, all\u00e1 por los a\u00f1os sesenta.<\/p>\n<p style=\"text-align: justify;\">Desde 1970 viene trazando una trayectoria pl\u00e1stica fiel a sus objetivos iniciales pero no\u00a0exenta de golpes de tim\u00f3n.\u00a0 Creador de un universo org\u00e1nico y feraz, en su pintura, crecimiento y forma obedecen\u00a0a disciplinas subyacentes quiz\u00e1 solo observadas en la naturaleza.<\/p>\n<p style=\"text-align: justify;\">Esta exposici\u00f3n, que <strong>puede visitarse\u00a0en el horario habitual de la Colecci\u00f3n Museogr\u00e1fica (de\u00a0martes a domingos, de 10:00 h a 14:00 h)<\/strong>, <strong>est\u00e1\u00a0dedicada a sus series Transmisiones y Pintura continua<\/strong>.\u00a0 Adem\u00e1s, se muestra una \u00faltima\u00a0serie, en la que se encuentra trabajando ahora, titulada Artificios reticulares, que\u00a0abarca un arco temporal desde 1996 hasta la actualidad.<\/p>\n<p style=\"text-align: justify;\"><strong>\u00a1Ac\u00e9rcate a la cultura y no dejes de visitarla!<\/strong><\/p>\n<p>https:\/\/www.facebook.com\/CMMRCasariche\/videos\/635540097062597\/<\/p>\n<p style=\"text-align: justify;\"><img loading=\"lazy\" decoding=\"async\" class=\"aligncenter\" src=\"https:\/\/scontent-mad1-1.xx.fbcdn.net\/v\/t1.0-9\/s960x960\/103595750_2659389054384959_2191086289204341532_o.jpg?_nc_cat=110&amp;_nc_sid=110474&amp;_nc_ohc=NOa5M1DvdIwAX88ScxC&amp;_nc_ht=scontent-mad1-1.xx&amp;_nc_tp=7&amp;oh=152c4a77f74bdf7fdf7bdfb64c89cdd8&amp;oe=5F062A7C\" alt=\"No hay ninguna descripci\u00f3n de la foto disponible.\" width=\"480\" height=\"784\" \/><\/p>\n","protected":false},"excerpt":{"rendered":"<p>La Sala de Exposiciones Temporales de la Colecci\u00f3n Museogr\u00e1fica del Mosaico Romano de Casariche acoge hasta el 10 de Julio, la exposici\u00f3n \u00abLa palabra, la<\/p>\n","protected":false},"author":2,"featured_media":31900,"comment_status":"closed","ping_status":"closed","sticky":false,"template":"","format":"standard","meta":{"footnotes":""},"categories":[7,1],"tags":[13,846,3140,848,847,2491],"class_list":["post-31888","post","type-post","status-publish","format-standard","has-post-thumbnail","hentry","category-cultura","category-sin-categoria","tag-casariche","tag-coleccion","tag-exposicion-abstracta","tag-mosaico","tag-museografica","tag-pintura"],"_links":{"self":[{"href":"https:\/\/www.casariche.es\/index.php?rest_route=\/wp\/v2\/posts\/31888","targetHints":{"allow":["GET"]}}],"collection":[{"href":"https:\/\/www.casariche.es\/index.php?rest_route=\/wp\/v2\/posts"}],"about":[{"href":"https:\/\/www.casariche.es\/index.php?rest_route=\/wp\/v2\/types\/post"}],"author":[{"embeddable":true,"href":"https:\/\/www.casariche.es\/index.php?rest_route=\/wp\/v2\/users\/2"}],"replies":[{"embeddable":true,"href":"https:\/\/www.casariche.es\/index.php?rest_route=%2Fwp%2Fv2%2Fcomments&post=31888"}],"version-history":[{"count":6,"href":"https:\/\/www.casariche.es\/index.php?rest_route=\/wp\/v2\/posts\/31888\/revisions"}],"predecessor-version":[{"id":31992,"href":"https:\/\/www.casariche.es\/index.php?rest_route=\/wp\/v2\/posts\/31888\/revisions\/31992"}],"wp:featuredmedia":[{"embeddable":true,"href":"https:\/\/www.casariche.es\/index.php?rest_route=\/wp\/v2\/media\/31900"}],"wp:attachment":[{"href":"https:\/\/www.casariche.es\/index.php?rest_route=%2Fwp%2Fv2%2Fmedia&parent=31888"}],"wp:term":[{"taxonomy":"category","embeddable":true,"href":"https:\/\/www.casariche.es\/index.php?rest_route=%2Fwp%2Fv2%2Fcategories&post=31888"},{"taxonomy":"post_tag","embeddable":true,"href":"https:\/\/www.casariche.es\/index.php?rest_route=%2Fwp%2Fv2%2Ftags&post=31888"}],"curies":[{"name":"wp","href":"https:\/\/api.w.org\/{rel}","templated":true}]}}