{"id":29310,"date":"2019-12-24T11:03:28","date_gmt":"2019-12-24T10:03:28","guid":{"rendered":"http:\/\/www.casariche.es\/?p=29310"},"modified":"2019-12-24T11:03:28","modified_gmt":"2019-12-24T10:03:28","slug":"el-coro-esencia-lleno-el-teatro-de-sones-navidenos-y-energia-positiva","status":"publish","type":"post","link":"https:\/\/www.casariche.es\/?p=29310","title":{"rendered":"El Coro Esencia llen\u00f3 el teatro de sones navide\u00f1os y energ\u00eda positiva"},"content":{"rendered":"<p style=\"text-align: justify;\">La tarde del 22 de Diciembre el Teatro Municipal de Casariche volvi\u00f3 a llenarse de sones navide\u00f1os, viviendo y sintiendo la magia y la alegr\u00eda de la Navidad de la mano del Coro Esencia, que m\u00e1s que nunca si cabe nos emocion\u00f3 con su poder\u00edo, elegancia y voces, en un escenario cuidadosamente engalanado para la ocasi\u00f3n.<\/p>\n<p style=\"text-align: justify;\">Cabe destacar que fue una actuaci\u00f3n muy especial para ellos y que result\u00f3 tremendamente emotiva, ya que estuvo dedicada a una de las componentes del coro, Bel\u00e9n, en un a\u00f1o especialmente duro para ella y su familia, a causa de una enfermedad, pero que ha sabido afrontar y superar con valent\u00eda y positivismo.<\/p>\n<p>(Fotos: Coro Esencia)<\/p>\n<div id='gallery-1' class='gallery galleryid-29310 gallery-columns-1 gallery-size-full'><figure class='gallery-item'>\n\t\t\t<div class='gallery-icon landscape'>\n\t\t\t\t<a href='https:\/\/www.casariche.es\/?attachment_id=29313'><img loading=\"lazy\" decoding=\"async\" width=\"480\" height=\"268\" src=\"https:\/\/www.casariche.es\/wp-content\/uploads\/2019\/12\/esencianav3.jpg\" class=\"attachment-full size-full\" alt=\"\" srcset=\"https:\/\/www.casariche.es\/wp-content\/uploads\/2019\/12\/esencianav3.jpg 480w, https:\/\/www.casariche.es\/wp-content\/uploads\/2019\/12\/esencianav3-300x168.jpg 300w\" sizes=\"auto, (max-width: 480px) 100vw, 480px\" \/><\/a>\n\t\t\t<\/div><\/figure><figure class='gallery-item'>\n\t\t\t<div class='gallery-icon landscape'>\n\t\t\t\t<a href='https:\/\/www.casariche.es\/?attachment_id=29312'><img loading=\"lazy\" decoding=\"async\" width=\"480\" height=\"178\" src=\"https:\/\/www.casariche.es\/wp-content\/uploads\/2019\/12\/esencianav2.jpg\" class=\"attachment-full size-full\" alt=\"\" srcset=\"https:\/\/www.casariche.es\/wp-content\/uploads\/2019\/12\/esencianav2.jpg 480w, https:\/\/www.casariche.es\/wp-content\/uploads\/2019\/12\/esencianav2-300x111.jpg 300w\" sizes=\"auto, (max-width: 480px) 100vw, 480px\" \/><\/a>\n\t\t\t<\/div><\/figure><figure class='gallery-item'>\n\t\t\t<div class='gallery-icon landscape'>\n\t\t\t\t<a href='https:\/\/www.casariche.es\/?attachment_id=29311'><img loading=\"lazy\" decoding=\"async\" width=\"480\" height=\"233\" src=\"https:\/\/www.casariche.es\/wp-content\/uploads\/2019\/12\/esencianav1.jpg\" class=\"attachment-full size-full\" alt=\"\" srcset=\"https:\/\/www.casariche.es\/wp-content\/uploads\/2019\/12\/esencianav1.jpg 480w, https:\/\/www.casariche.es\/wp-content\/uploads\/2019\/12\/esencianav1-300x146.jpg 300w\" sizes=\"auto, (max-width: 480px) 100vw, 480px\" \/><\/a>\n\t\t\t<\/div><\/figure>\n\t\t<\/div>\n\n","protected":false},"excerpt":{"rendered":"<p>La tarde del 22 de Diciembre el Teatro Municipal de Casariche volvi\u00f3 a llenarse de sones navide\u00f1os, viviendo y sintiendo la magia y la alegr\u00eda<\/p>\n","protected":false},"author":2,"featured_media":29313,"comment_status":"closed","ping_status":"closed","sticky":false,"template":"","format":"standard","meta":{"footnotes":""},"categories":[7,1],"tags":[300,1306,797,2769],"class_list":["post-29310","post","type-post","status-publish","format-standard","has-post-thumbnail","hentry","category-cultura","category-sin-categoria","tag-coro","tag-esencia","tag-navidad","tag-positivismo"],"_links":{"self":[{"href":"https:\/\/www.casariche.es\/index.php?rest_route=\/wp\/v2\/posts\/29310","targetHints":{"allow":["GET"]}}],"collection":[{"href":"https:\/\/www.casariche.es\/index.php?rest_route=\/wp\/v2\/posts"}],"about":[{"href":"https:\/\/www.casariche.es\/index.php?rest_route=\/wp\/v2\/types\/post"}],"author":[{"embeddable":true,"href":"https:\/\/www.casariche.es\/index.php?rest_route=\/wp\/v2\/users\/2"}],"replies":[{"embeddable":true,"href":"https:\/\/www.casariche.es\/index.php?rest_route=%2Fwp%2Fv2%2Fcomments&post=29310"}],"version-history":[{"count":1,"href":"https:\/\/www.casariche.es\/index.php?rest_route=\/wp\/v2\/posts\/29310\/revisions"}],"predecessor-version":[{"id":29314,"href":"https:\/\/www.casariche.es\/index.php?rest_route=\/wp\/v2\/posts\/29310\/revisions\/29314"}],"wp:featuredmedia":[{"embeddable":true,"href":"https:\/\/www.casariche.es\/index.php?rest_route=\/wp\/v2\/media\/29313"}],"wp:attachment":[{"href":"https:\/\/www.casariche.es\/index.php?rest_route=%2Fwp%2Fv2%2Fmedia&parent=29310"}],"wp:term":[{"taxonomy":"category","embeddable":true,"href":"https:\/\/www.casariche.es\/index.php?rest_route=%2Fwp%2Fv2%2Fcategories&post=29310"},{"taxonomy":"post_tag","embeddable":true,"href":"https:\/\/www.casariche.es\/index.php?rest_route=%2Fwp%2Fv2%2Ftags&post=29310"}],"curies":[{"name":"wp","href":"https:\/\/api.w.org\/{rel}","templated":true}]}}