{"id":28400,"date":"2019-11-18T11:19:38","date_gmt":"2019-11-18T09:19:38","guid":{"rendered":"http:\/\/www.casariche.es\/?p=28400"},"modified":"2019-11-18T11:19:38","modified_gmt":"2019-11-18T09:19:38","slug":"el-jueves-21-sera-la-inauguracion-oficial-del-nuevo-campo-de-cesped-con-participacion-de-todas-las-categorias","status":"publish","type":"post","link":"https:\/\/www.casariche.es\/?p=28400","title":{"rendered":"El jueves 21 ser\u00e1 la inauguraci\u00f3n oficial del nuevo campo de c\u00e9sped con participaci\u00f3n de todas las categor\u00edas"},"content":{"rendered":"<p><strong>El nuevo Estadio Municipal \u00abSergio Carnerero Gil\u00bb se inaugurar\u00e1 oficialmente el pr\u00f3ximo jueves d\u00eda 21 de Noviembre<\/strong> en un evento organizado por la Concejal\u00eda de Deportes del Excmo. Ayuntamiento de Casariche en colaboraci\u00f3n con la Escuela de F\u00fatbol \u00abPeloteros\u00bb, donde disfrutaremos una tarde cargada de f\u00fatbol <strong>con participaci\u00f3n de todas las categor\u00edas<\/strong> y que incluye una ceremonia inaugural.<\/p>\n<p><strong>A partir de las 16:00 horas comenzar\u00e1 un Torneo de car\u00e1cter amistoso<\/strong> y en el que participar\u00e1n las categor\u00edas prebenjam\u00edn, benjam\u00edn, alev\u00edn, femenino, infantil y cadete, contra equipos de Pedrera, Alameda, Estepa y la Escuela Peloteros.<\/p>\n<p>Posteriormente, <strong>a las 18:30 horas, se celebrar\u00e1 la ceremonia de inauguraci\u00f3n<\/strong>, para que a continuaci\u00f3n, <strong>a partir de las 19:00 horas se dispute un Triangular de car\u00e1cter amistoso entre los equipos del Sevilla F.C. (Tercera Divisi\u00f3n), selecci\u00f3n senior de la Escuela de F\u00fatbol Peloteros y nuestro C.D. Ventippo<\/strong>.<\/p>\n<p>Ya el viernes, tambi\u00e9n participar\u00e1n <strong>nuestros veteranos<\/strong> en un encuentro amistoso frente a Osuna.<\/p>\n<p>El horario de cada partido y categor\u00eda es:<\/p>\n<p style=\"text-align: center;\"><img loading=\"lazy\" decoding=\"async\" class=\"alignnone wp-image-28403\" src=\"http:\/\/www.casariche.es\/wp-content\/uploads\/2019\/11\/HORARIO-1.jpg\" alt=\"\" width=\"475\" height=\"381\" srcset=\"https:\/\/www.casariche.es\/wp-content\/uploads\/2019\/11\/HORARIO-1.jpg 643w, https:\/\/www.casariche.es\/wp-content\/uploads\/2019\/11\/HORARIO-1-300x241.jpg 300w\" sizes=\"auto, (max-width: 475px) 100vw, 475px\" \/><\/p>\n<p><img loading=\"lazy\" decoding=\"async\" class=\"wp-image-28402 aligncenter\" src=\"http:\/\/www.casariche.es\/wp-content\/uploads\/2019\/11\/inauguraci\u00f3n-campo-de-f\u00fatbol.jpg\" alt=\"\" width=\"475\" height=\"357\" srcset=\"https:\/\/www.casariche.es\/wp-content\/uploads\/2019\/11\/inauguraci\u00f3n-campo-de-f\u00fatbol.jpg 2048w, https:\/\/www.casariche.es\/wp-content\/uploads\/2019\/11\/inauguraci\u00f3n-campo-de-f\u00fatbol-300x225.jpg 300w, https:\/\/www.casariche.es\/wp-content\/uploads\/2019\/11\/inauguraci\u00f3n-campo-de-f\u00fatbol-768x576.jpg 768w, https:\/\/www.casariche.es\/wp-content\/uploads\/2019\/11\/inauguraci\u00f3n-campo-de-f\u00fatbol-1024x768.jpg 1024w\" sizes=\"auto, (max-width: 475px) 100vw, 475px\" \/><\/p>\n<p style=\"text-align: center;\">\n","protected":false},"excerpt":{"rendered":"<p>El nuevo Estadio Municipal \u00abSergio Carnerero Gil\u00bb se inaugurar\u00e1 oficialmente el pr\u00f3ximo jueves d\u00eda 21 de Noviembre en un evento organizado por la Concejal\u00eda de<\/p>\n","protected":false},"author":1,"featured_media":28404,"comment_status":"closed","ping_status":"closed","sticky":false,"template":"","format":"standard","meta":{"footnotes":""},"categories":[8,1],"tags":[45,411,13,356,97,849,263,60],"class_list":["post-28400","post","type-post","status-publish","format-standard","has-post-thumbnail","hentry","category-deportes","category-sin-categoria","tag-ayuntamiento","tag-campo","tag-casariche","tag-deporte","tag-futbol","tag-inauguracion","tag-peloteros","tag-ventippo"],"_links":{"self":[{"href":"https:\/\/www.casariche.es\/index.php?rest_route=\/wp\/v2\/posts\/28400","targetHints":{"allow":["GET"]}}],"collection":[{"href":"https:\/\/www.casariche.es\/index.php?rest_route=\/wp\/v2\/posts"}],"about":[{"href":"https:\/\/www.casariche.es\/index.php?rest_route=\/wp\/v2\/types\/post"}],"author":[{"embeddable":true,"href":"https:\/\/www.casariche.es\/index.php?rest_route=\/wp\/v2\/users\/1"}],"replies":[{"embeddable":true,"href":"https:\/\/www.casariche.es\/index.php?rest_route=%2Fwp%2Fv2%2Fcomments&post=28400"}],"version-history":[{"count":2,"href":"https:\/\/www.casariche.es\/index.php?rest_route=\/wp\/v2\/posts\/28400\/revisions"}],"predecessor-version":[{"id":28406,"href":"https:\/\/www.casariche.es\/index.php?rest_route=\/wp\/v2\/posts\/28400\/revisions\/28406"}],"wp:featuredmedia":[{"embeddable":true,"href":"https:\/\/www.casariche.es\/index.php?rest_route=\/wp\/v2\/media\/28404"}],"wp:attachment":[{"href":"https:\/\/www.casariche.es\/index.php?rest_route=%2Fwp%2Fv2%2Fmedia&parent=28400"}],"wp:term":[{"taxonomy":"category","embeddable":true,"href":"https:\/\/www.casariche.es\/index.php?rest_route=%2Fwp%2Fv2%2Fcategories&post=28400"},{"taxonomy":"post_tag","embeddable":true,"href":"https:\/\/www.casariche.es\/index.php?rest_route=%2Fwp%2Fv2%2Ftags&post=28400"}],"curies":[{"name":"wp","href":"https:\/\/api.w.org\/{rel}","templated":true}]}}