{"id":27938,"date":"2019-10-25T13:27:38","date_gmt":"2019-10-25T11:27:38","guid":{"rendered":"http:\/\/www.casariche.es\/?p=27938"},"modified":"2019-10-25T14:06:46","modified_gmt":"2019-10-25T12:06:46","slug":"en-la-madrugada-del-sabado-al-domingo-se-producira-el-cambio-al-horario-de-invierno","status":"publish","type":"post","link":"https:\/\/www.casariche.es\/?p=27938","title":{"rendered":"En la madrugada del s\u00e1bado al domingo, se producir\u00e1 el cambio al horario de invierno"},"content":{"rendered":"<p>En la madrugada del s\u00e1bado 26 al domingo 27 de Octubre, tendremos que <strong>actualizar nuestros relojes al horario de invierno<\/strong> atrasando una hora.<\/p>\n<div>As\u00ed, <strong>a las 03:00 se deben retrasar los relojes a las 02:00 horas<\/strong>. Eso quiere decir que el tiempo dedicado al descanso nocturno ese d\u00eda se incrementar\u00e1 en una hora, con lo que a partir del domingo la oscuridad en la tarde-noche llegar\u00e1 se producir\u00e1 antes.<\/div>\n<div style=\"text-align: center;\"><\/div>\n<div style=\"text-align: center;\"><img loading=\"lazy\" decoding=\"async\" class=\"alignnone wp-image-27939\" src=\"http:\/\/www.casariche.es\/wp-content\/uploads\/2019\/10\/CAMBIO-HORA-1024x612.jpg\" alt=\"\" width=\"470\" height=\"281\" srcset=\"https:\/\/www.casariche.es\/wp-content\/uploads\/2019\/10\/CAMBIO-HORA.jpg 1024w, https:\/\/www.casariche.es\/wp-content\/uploads\/2019\/10\/CAMBIO-HORA-300x179.jpg 300w, https:\/\/www.casariche.es\/wp-content\/uploads\/2019\/10\/CAMBIO-HORA-768x459.jpg 768w\" sizes=\"auto, (max-width: 470px) 100vw, 470px\" \/><\/div>\n","protected":false},"excerpt":{"rendered":"<p>En la madrugada del s\u00e1bado 26 al domingo 27 de Octubre, tendremos que actualizar nuestros relojes al horario de invierno atrasando una hora. As\u00ed, a<\/p>\n","protected":false},"author":1,"featured_media":27940,"comment_status":"closed","ping_status":"closed","sticky":false,"template":"","format":"standard","meta":{"footnotes":""},"categories":[1],"tags":[2663,13,2664],"class_list":["post-27938","post","type-post","status-publish","format-standard","has-post-thumbnail","hentry","category-sin-categoria","tag-cambio-hora","tag-casariche","tag-inviernos"],"_links":{"self":[{"href":"https:\/\/www.casariche.es\/index.php?rest_route=\/wp\/v2\/posts\/27938","targetHints":{"allow":["GET"]}}],"collection":[{"href":"https:\/\/www.casariche.es\/index.php?rest_route=\/wp\/v2\/posts"}],"about":[{"href":"https:\/\/www.casariche.es\/index.php?rest_route=\/wp\/v2\/types\/post"}],"author":[{"embeddable":true,"href":"https:\/\/www.casariche.es\/index.php?rest_route=\/wp\/v2\/users\/1"}],"replies":[{"embeddable":true,"href":"https:\/\/www.casariche.es\/index.php?rest_route=%2Fwp%2Fv2%2Fcomments&post=27938"}],"version-history":[{"count":2,"href":"https:\/\/www.casariche.es\/index.php?rest_route=\/wp\/v2\/posts\/27938\/revisions"}],"predecessor-version":[{"id":27942,"href":"https:\/\/www.casariche.es\/index.php?rest_route=\/wp\/v2\/posts\/27938\/revisions\/27942"}],"wp:featuredmedia":[{"embeddable":true,"href":"https:\/\/www.casariche.es\/index.php?rest_route=\/wp\/v2\/media\/27940"}],"wp:attachment":[{"href":"https:\/\/www.casariche.es\/index.php?rest_route=%2Fwp%2Fv2%2Fmedia&parent=27938"}],"wp:term":[{"taxonomy":"category","embeddable":true,"href":"https:\/\/www.casariche.es\/index.php?rest_route=%2Fwp%2Fv2%2Fcategories&post=27938"},{"taxonomy":"post_tag","embeddable":true,"href":"https:\/\/www.casariche.es\/index.php?rest_route=%2Fwp%2Fv2%2Ftags&post=27938"}],"curies":[{"name":"wp","href":"https:\/\/api.w.org\/{rel}","templated":true}]}}