{"id":2720,"date":"2013-04-08T12:33:04","date_gmt":"2013-04-08T10:03:04","guid":{"rendered":"http:\/\/www.casariche.es\/?p=2720"},"modified":"2013-04-09T13:46:57","modified_gmt":"2013-04-09T11:16:57","slug":"el-casaricheno-jose-ma-adame-se-ha-clasificado-decimocuarto-en-la-x-marcha-la-selva-del-camp","status":"publish","type":"post","link":"https:\/\/www.casariche.es\/?p=2720","title":{"rendered":"El casariche\u00f1o Jos\u00e9 M\u00aa Adame se ha clasificado decimocuarto en la X Marcha La Selva del Camp"},"content":{"rendered":"<p>El atleta casariche\u00f1o Jos\u00e9 Mar\u00eda Adame Leiva, \u201cCornelio\u201d, hizo una magn\u00edfica actuaci\u00f3n al proclamarse decimocuarto de un total de 432 corredores, con un tiempo de 8 horas, 16 minutos y 45 segundos, en la 10\u00aa Marcha La Selva del Camp &#8211; Monta\u00f1as de Prades, celebrada en Tarragona el s\u00e1bado 23 de marzo de 2013. La d\u00e9cima edici\u00f3n de esta marcha de monta\u00f1a ha tenido una distancia aproximada de 63.5 km y un desnivel acumulado de unos 6000 m.<\/p>\n<p>He aqu\u00ed una muestra m\u00e1s del buen nivel de los deportistas casariche\u00f1os.<\/p>\n<p><a href=\"http:\/\/www.casariche.es\/?attachment_id=2750\" rel=\"attachment wp-att-2750\"><img loading=\"lazy\" decoding=\"async\" class=\"aligncenter size-full wp-image-2750\" title=\"tarragona2\" src=\"http:\/\/www.casariche.es\/wp-content\/uploads\/2013\/04\/tarragona2.jpg\" alt=\"\" width=\"480\" height=\"640\" srcset=\"https:\/\/www.casariche.es\/wp-content\/uploads\/2013\/04\/tarragona2.jpg 480w, https:\/\/www.casariche.es\/wp-content\/uploads\/2013\/04\/tarragona2-225x300.jpg 225w\" sizes=\"auto, (max-width: 480px) 100vw, 480px\" \/><\/a><\/p>\n<p>&nbsp;<\/p>\n","protected":false},"excerpt":{"rendered":"<p>El atleta casariche\u00f1o Jos\u00e9 Mar\u00eda Adame Leiva, \u201cCornelio\u201d, hizo una magn\u00edfica actuaci\u00f3n al proclamarse decimocuarto de un total de 432 corredores, con un tiempo de<\/p>\n","protected":false},"author":2,"featured_media":2749,"comment_status":"closed","ping_status":"open","sticky":false,"template":"","format":"standard","meta":{"footnotes":""},"categories":[8,1],"tags":[509,253],"class_list":["post-2720","post","type-post","status-publish","format-standard","has-post-thumbnail","hentry","category-deportes","category-sin-categoria","tag-adame","tag-marcha"],"_links":{"self":[{"href":"https:\/\/www.casariche.es\/index.php?rest_route=\/wp\/v2\/posts\/2720","targetHints":{"allow":["GET"]}}],"collection":[{"href":"https:\/\/www.casariche.es\/index.php?rest_route=\/wp\/v2\/posts"}],"about":[{"href":"https:\/\/www.casariche.es\/index.php?rest_route=\/wp\/v2\/types\/post"}],"author":[{"embeddable":true,"href":"https:\/\/www.casariche.es\/index.php?rest_route=\/wp\/v2\/users\/2"}],"replies":[{"embeddable":true,"href":"https:\/\/www.casariche.es\/index.php?rest_route=%2Fwp%2Fv2%2Fcomments&post=2720"}],"version-history":[{"count":4,"href":"https:\/\/www.casariche.es\/index.php?rest_route=\/wp\/v2\/posts\/2720\/revisions"}],"predecessor-version":[{"id":2752,"href":"https:\/\/www.casariche.es\/index.php?rest_route=\/wp\/v2\/posts\/2720\/revisions\/2752"}],"wp:featuredmedia":[{"embeddable":true,"href":"https:\/\/www.casariche.es\/index.php?rest_route=\/wp\/v2\/media\/2749"}],"wp:attachment":[{"href":"https:\/\/www.casariche.es\/index.php?rest_route=%2Fwp%2Fv2%2Fmedia&parent=2720"}],"wp:term":[{"taxonomy":"category","embeddable":true,"href":"https:\/\/www.casariche.es\/index.php?rest_route=%2Fwp%2Fv2%2Fcategories&post=2720"},{"taxonomy":"post_tag","embeddable":true,"href":"https:\/\/www.casariche.es\/index.php?rest_route=%2Fwp%2Fv2%2Ftags&post=2720"}],"curies":[{"name":"wp","href":"https:\/\/api.w.org\/{rel}","templated":true}]}}