{"id":2681,"date":"2013-04-03T13:53:09","date_gmt":"2013-04-03T11:23:09","guid":{"rendered":"http:\/\/www.casariche.es\/?p=2681"},"modified":"2013-04-03T13:53:53","modified_gmt":"2013-04-03T11:23:53","slug":"2681","status":"publish","type":"post","link":"https:\/\/www.casariche.es\/?p=2681","title":{"rendered":"Mucha animaci\u00f3n en la Plaza del Ayuntamiento durante la Jornada \u00abDale vida al vidrio\u00bb"},"content":{"rendered":"<p>La Plaza del Ayuntamiento estuvo animad\u00edsima ayer martes 2 de Abril durante todo el d\u00eda a ra\u00edz de la celebraci\u00f3n de la Jornada l\u00fadico-informativa de sensibilizaci\u00f3n medioambiental, denominada \u00abDale vida al vidrio\u00bb, que hizo hincapi\u00e9 en el reciclaje de este material, que incluy\u00f3 una exposici\u00f3n sobre c\u00f3mo funciona la cadena de reciclaje de este material, as\u00ed como diversos talleres de reciclaje y actividades de animaci\u00f3n, que resultaron muy participativos.<\/p>\n<p>Dicha jornada, que ha sido organizada por el Consorcio de Medio Ambiente y la Delegaci\u00f3n de Medio Ambiente del Ayuntamiento de Casariche, estuvo dirigida, por la ma\u00f1ana, al alumnado de primaria del CEIP Lope de Vega y, por la tarde, a los socios de la Asociaci\u00f3n Crisol.<\/p>\n<p><a href=\"http:\/\/www.casariche.es\/?attachment_id=2683\" rel=\"attachment wp-att-2683\"><img loading=\"lazy\" decoding=\"async\" class=\"aligncenter size-full wp-image-2684\" title=\"vid1\" src=\"http:\/\/www.casariche.es\/wp-content\/uploads\/2013\/04\/vid11.jpg\" alt=\"\" width=\"480\" height=\"260\" srcset=\"https:\/\/www.casariche.es\/wp-content\/uploads\/2013\/04\/vid11.jpg 480w, https:\/\/www.casariche.es\/wp-content\/uploads\/2013\/04\/vid11-300x162.jpg 300w\" sizes=\"auto, (max-width: 480px) 100vw, 480px\" \/><img loading=\"lazy\" decoding=\"async\" class=\"aligncenter size-full wp-image-2683\" title=\"vid2\" src=\"http:\/\/www.casariche.es\/wp-content\/uploads\/2013\/04\/vid2.jpg\" alt=\"\" width=\"480\" height=\"260\" srcset=\"https:\/\/www.casariche.es\/wp-content\/uploads\/2013\/04\/vid2.jpg 480w, https:\/\/www.casariche.es\/wp-content\/uploads\/2013\/04\/vid2-300x162.jpg 300w\" sizes=\"auto, (max-width: 480px) 100vw, 480px\" \/><\/a><\/p>\n","protected":false},"excerpt":{"rendered":"<p>La Plaza del Ayuntamiento estuvo animad\u00edsima ayer martes 2 de Abril durante todo el d\u00eda a ra\u00edz de la celebraci\u00f3n de la Jornada l\u00fadico-informativa de<\/p>\n","protected":false},"author":2,"featured_media":2682,"comment_status":"closed","ping_status":"open","sticky":false,"template":"","format":"standard","meta":{"footnotes":""},"categories":[9,1,20],"tags":[163,506,505,504],"class_list":["post-2681","post","type-post","status-publish","format-standard","has-post-thumbnail","hentry","category-educacion","category-sin-categoria","category-medio-ambiente","tag-jornada","tag-reciclaje","tag-vida","tag-vidrio"],"_links":{"self":[{"href":"https:\/\/www.casariche.es\/index.php?rest_route=\/wp\/v2\/posts\/2681","targetHints":{"allow":["GET"]}}],"collection":[{"href":"https:\/\/www.casariche.es\/index.php?rest_route=\/wp\/v2\/posts"}],"about":[{"href":"https:\/\/www.casariche.es\/index.php?rest_route=\/wp\/v2\/types\/post"}],"author":[{"embeddable":true,"href":"https:\/\/www.casariche.es\/index.php?rest_route=\/wp\/v2\/users\/2"}],"replies":[{"embeddable":true,"href":"https:\/\/www.casariche.es\/index.php?rest_route=%2Fwp%2Fv2%2Fcomments&post=2681"}],"version-history":[{"count":2,"href":"https:\/\/www.casariche.es\/index.php?rest_route=\/wp\/v2\/posts\/2681\/revisions"}],"predecessor-version":[{"id":2686,"href":"https:\/\/www.casariche.es\/index.php?rest_route=\/wp\/v2\/posts\/2681\/revisions\/2686"}],"wp:featuredmedia":[{"embeddable":true,"href":"https:\/\/www.casariche.es\/index.php?rest_route=\/wp\/v2\/media\/2682"}],"wp:attachment":[{"href":"https:\/\/www.casariche.es\/index.php?rest_route=%2Fwp%2Fv2%2Fmedia&parent=2681"}],"wp:term":[{"taxonomy":"category","embeddable":true,"href":"https:\/\/www.casariche.es\/index.php?rest_route=%2Fwp%2Fv2%2Fcategories&post=2681"},{"taxonomy":"post_tag","embeddable":true,"href":"https:\/\/www.casariche.es\/index.php?rest_route=%2Fwp%2Fv2%2Ftags&post=2681"}],"curies":[{"name":"wp","href":"https:\/\/api.w.org\/{rel}","templated":true}]}}