{"id":2235,"date":"2013-02-22T15:41:12","date_gmt":"2013-02-22T13:11:12","guid":{"rendered":"http:\/\/www.casariche.es\/?p=2235"},"modified":"2013-02-22T15:41:55","modified_gmt":"2013-02-22T13:11:55","slug":"este-fin-de-semana-se-estrena-en-casariche-el-origen-de-los-guardianes","status":"publish","type":"post","link":"https:\/\/www.casariche.es\/?p=2235","title":{"rendered":"Este fin de semana se estrena en Casariche \u00abEl Origen de los Guardianes\u00bb"},"content":{"rendered":"<p>Este fin de semana se estrena en Casariche la pel\u00edcula de animaci\u00f3n \u201cEl Origen de los Guardianes\u201d, apta para todos los p\u00fablicos y que ha sido galardonada con el Globo de Oro 2013 a la mejor pel\u00edcula animada.<\/p>\n<p>Los horarios de los pases en el Teatro Municipal son:<\/p>\n<ul>\n<li>Viernes 22 de Febrero: 19:30 horas.<\/li>\n<\/ul>\n<ul>\n<li>S\u00e1bado 23 de Febrero: 16:00 horas.<\/li>\n<\/ul>\n<ul>\n<li>\u00a0Domingo 24 de Febrero: 20:30 horas.<\/li>\n<\/ul>\n<p>El Origen de los Guardianes cuenta la historia de Santa Claus, el Conejo de Pascua, el Hada de los Dientes y Jack Escarcha, personajes legendarios con desconocidas habilidades extraordinarias. Cuando un esp\u00edritu maligno, conocido como Sombra, decide inundar de miedo los corazones de los ni\u00f1os, los Guardianes inmortales unen sus fuerzas para proteger los deseos, las creencias y la imaginaci\u00f3n de los ni\u00f1os.<\/p>\n<p>No olvides estar atento a nuestra web para conocer fecha y horas de proyecci\u00f3n de los pr\u00f3ximos estrenos en Casariche.<\/p>\n<p>\u00a1No faltes!. Ven al cine al Teatro Municipal de Casariche y disfruta de un servicio \u00fanico en la comarca al mejor precio: Entrada gratuita para Menores de 3 a\u00f1os. Precio de la entrada: 3,90\u20ac \/ Carnet Joven: 3,50\u20ac. (Con tienda de palomitas, bebidas y golosinas).<\/p>\n<p><a href=\"http:\/\/www.casariche.es\/wp-content\/uploads\/2013\/02\/web-guardianes.jpg\"><img loading=\"lazy\" decoding=\"async\" class=\"alignleft size-full wp-image-2248\" title=\"web-guardianes\" src=\"http:\/\/www.casariche.es\/wp-content\/uploads\/2013\/02\/web-guardianes.jpg\" alt=\"\" width=\"480\" height=\"260\" srcset=\"https:\/\/www.casariche.es\/wp-content\/uploads\/2013\/02\/web-guardianes.jpg 480w, https:\/\/www.casariche.es\/wp-content\/uploads\/2013\/02\/web-guardianes-300x162.jpg 300w\" sizes=\"auto, (max-width: 480px) 100vw, 480px\" \/><\/a><\/p>\n<p>&nbsp;<\/p>\n","protected":false},"excerpt":{"rendered":"<p>Este fin de semana se estrena en Casariche la pel\u00edcula de animaci\u00f3n \u201cEl Origen de los Guardianes\u201d, apta para todos los p\u00fablicos y que ha<\/p>\n","protected":false},"author":2,"featured_media":2244,"comment_status":"closed","ping_status":"open","sticky":false,"template":"","format":"standard","meta":{"footnotes":""},"categories":[1],"tags":[142,168,438,169],"class_list":["post-2235","post","type-post","status-publish","format-standard","has-post-thumbnail","hentry","category-sin-categoria","tag-cine","tag-estreno","tag-guardianes","tag-pelicula"],"_links":{"self":[{"href":"https:\/\/www.casariche.es\/index.php?rest_route=\/wp\/v2\/posts\/2235","targetHints":{"allow":["GET"]}}],"collection":[{"href":"https:\/\/www.casariche.es\/index.php?rest_route=\/wp\/v2\/posts"}],"about":[{"href":"https:\/\/www.casariche.es\/index.php?rest_route=\/wp\/v2\/types\/post"}],"author":[{"embeddable":true,"href":"https:\/\/www.casariche.es\/index.php?rest_route=\/wp\/v2\/users\/2"}],"replies":[{"embeddable":true,"href":"https:\/\/www.casariche.es\/index.php?rest_route=%2Fwp%2Fv2%2Fcomments&post=2235"}],"version-history":[{"count":9,"href":"https:\/\/www.casariche.es\/index.php?rest_route=\/wp\/v2\/posts\/2235\/revisions"}],"predecessor-version":[{"id":2254,"href":"https:\/\/www.casariche.es\/index.php?rest_route=\/wp\/v2\/posts\/2235\/revisions\/2254"}],"wp:featuredmedia":[{"embeddable":true,"href":"https:\/\/www.casariche.es\/index.php?rest_route=\/wp\/v2\/media\/2244"}],"wp:attachment":[{"href":"https:\/\/www.casariche.es\/index.php?rest_route=%2Fwp%2Fv2%2Fmedia&parent=2235"}],"wp:term":[{"taxonomy":"category","embeddable":true,"href":"https:\/\/www.casariche.es\/index.php?rest_route=%2Fwp%2Fv2%2Fcategories&post=2235"},{"taxonomy":"post_tag","embeddable":true,"href":"https:\/\/www.casariche.es\/index.php?rest_route=%2Fwp%2Fv2%2Ftags&post=2235"}],"curies":[{"name":"wp","href":"https:\/\/api.w.org\/{rel}","templated":true}]}}