{"id":2210,"date":"2013-02-22T15:42:59","date_gmt":"2013-02-22T13:12:59","guid":{"rendered":"http:\/\/www.casariche.es\/?p=2210"},"modified":"2013-02-22T15:43:40","modified_gmt":"2013-02-22T13:13:40","slug":"la-tertulia-del-cante-jondo-acoge-el-xiv-concurso-andaluz-de-jovenes-flamencos-y-un-recital-de-flamenco","status":"publish","type":"post","link":"https:\/\/www.casariche.es\/?p=2210","title":{"rendered":"La Tertulia del Cante Jondo acoge el XIV Concurso Andaluz de J\u00f3venes Flamencos y un Recital de Flamenco"},"content":{"rendered":"<p>La Tertulia del Cante Jondo \u201cManuel Herrera Rodas\u201d de Casariche acoge el pr\u00f3ximo viernes d\u00eda 22 de febrero, a las 21 horas, el XIV Concurso Andaluz de J\u00f3venes Flamencos de Cante, organizado por la Federaci\u00f3n Provincial de Entidades Flamencas de la provincia de Sevilla.<\/p>\n<p>Actuar\u00e1n los siguientes concursantes:<\/p>\n<p>&#8211; Francisco Pardo Jim\u00e9nez, de Sevilla.<\/p>\n<p>&#8211; Carmen Lorca Fern\u00e1ndez, de Utrera.<\/p>\n<p>&#8211; Iv\u00e1n Gonz\u00e1lez Carpio, de Sevilla.<\/p>\n<p>&#8211; Pilar R\u00edos Alarc\u00f3n, de Alcal\u00e1 del Rio,<\/p>\n<p>&#8211; Lidia Rodr\u00edguez Gonz\u00e1lez, de Paradas.<\/p>\n<p>&#8211; Rosario Mu\u00f1oz Casado, de Arahal.<\/p>\n<p>Por otro lado, el viernes 1 de marzo de 2013, a las 21:30 horas, tendr\u00e1 lugar en la Tertulia del Cante Jondo de Casariche \u201cManuel Herrera Rodas\u201d un recital flamenco a cargo de Segundo Falc\u00f3n, al cante, y Manolo Franco, al toqueSeg\u00fan ha informado nuestra pe\u00f1a flamenca local, \u201ceste recital ser\u00e1 ofrecido por la Fundaci\u00f3n Cajasol, a trav\u00e9s de su programa de obra social, el cual a\u00f1o tras a\u00f1o sigue colaborando con la Tertulia, a pesar de la situaci\u00f3n actual\u201d.<\/p>\n<p style=\"text-align: center;\"><a href=\"http:\/\/www.casariche.es\/wp-content\/uploads\/2013\/02\/evj-flamencos.jpg\"><img loading=\"lazy\" decoding=\"async\" class=\"size-full wp-image-2212\" title=\"evj-flamencos\" src=\"http:\/\/www.casariche.es\/wp-content\/uploads\/2013\/02\/evj-flamencos.jpg\" alt=\"\" width=\"260\" height=\"242\" \/><\/a><\/p>\n","protected":false},"excerpt":{"rendered":"<p>La Tertulia del Cante Jondo \u201cManuel Herrera Rodas\u201d de Casariche acoge el pr\u00f3ximo viernes d\u00eda 22 de febrero, a las 21 horas, el XIV Concurso<\/p>\n","protected":false},"author":2,"featured_media":2211,"comment_status":"closed","ping_status":"open","sticky":false,"template":"","format":"standard","meta":{"footnotes":""},"categories":[7,1],"tags":[],"class_list":["post-2210","post","type-post","status-publish","format-standard","has-post-thumbnail","hentry","category-cultura","category-sin-categoria"],"_links":{"self":[{"href":"https:\/\/www.casariche.es\/index.php?rest_route=\/wp\/v2\/posts\/2210","targetHints":{"allow":["GET"]}}],"collection":[{"href":"https:\/\/www.casariche.es\/index.php?rest_route=\/wp\/v2\/posts"}],"about":[{"href":"https:\/\/www.casariche.es\/index.php?rest_route=\/wp\/v2\/types\/post"}],"author":[{"embeddable":true,"href":"https:\/\/www.casariche.es\/index.php?rest_route=\/wp\/v2\/users\/2"}],"replies":[{"embeddable":true,"href":"https:\/\/www.casariche.es\/index.php?rest_route=%2Fwp%2Fv2%2Fcomments&post=2210"}],"version-history":[{"count":5,"href":"https:\/\/www.casariche.es\/index.php?rest_route=\/wp\/v2\/posts\/2210\/revisions"}],"predecessor-version":[{"id":2257,"href":"https:\/\/www.casariche.es\/index.php?rest_route=\/wp\/v2\/posts\/2210\/revisions\/2257"}],"wp:featuredmedia":[{"embeddable":true,"href":"https:\/\/www.casariche.es\/index.php?rest_route=\/wp\/v2\/media\/2211"}],"wp:attachment":[{"href":"https:\/\/www.casariche.es\/index.php?rest_route=%2Fwp%2Fv2%2Fmedia&parent=2210"}],"wp:term":[{"taxonomy":"category","embeddable":true,"href":"https:\/\/www.casariche.es\/index.php?rest_route=%2Fwp%2Fv2%2Fcategories&post=2210"},{"taxonomy":"post_tag","embeddable":true,"href":"https:\/\/www.casariche.es\/index.php?rest_route=%2Fwp%2Fv2%2Ftags&post=2210"}],"curies":[{"name":"wp","href":"https:\/\/api.w.org\/{rel}","templated":true}]}}