{"id":21563,"date":"2018-06-08T09:02:44","date_gmt":"2018-06-08T07:02:44","guid":{"rendered":"http:\/\/www.casariche.es\/?p=21563"},"modified":"2018-06-08T09:04:45","modified_gmt":"2018-06-08T07:04:45","slug":"la-casarichena-araceli-sojo-tiene-ya-su-premio-de-la-ruta-de-tierras-de-jose-ma-el-tempranillo","status":"publish","type":"post","link":"https:\/\/www.casariche.es\/?p=21563","title":{"rendered":"La casariche\u00f1a Araceli Sojo tiene ya su premio de la Ruta de Tierras de Jos\u00e9 M\u00aa El Tempranillo"},"content":{"rendered":"<p style=\"text-align: justify;\">El Sal\u00f3n de Plenos del Ayuntamiento de Casariche ha acogido hoy viernes 8 de Junio el acto de entrega del extraordinario premio que la ruta Tierras de Jos\u00e9 Mar\u00eda el Tempranillo sorte\u00f3 el pasado 5 de Junio con motivo del D\u00eda Internacional del Medio Ambiente.\u00a0 En concreto, han sido el Gerente de la Fundaci\u00f3n Tierras de Jos\u00e9 Mar\u00eda el Tempranillo, Antonio Oliva Tejero, y nuestro Alcalde, Basilio Carri\u00f3n, quienes han hecho entrega del mismo a la agraciada, nuestra vecina\u00a0Araceli Romero Sojo, cont\u00e1ndose tambi\u00e9n con la presencia de nuestro Concejal de Medio Ambiente, Adri\u00e1n Cano.<\/p>\n<p style=\"text-align: justify;\">Cabe recordar que\u00a0este concurso, puesto en marcha por Tierras del Tempranillo, a trav\u00e9s de su p\u00e1gina de facebook ( https:\/\/www.facebook.com\/josemariaeltempranillo), estaba dotado con un\u00a0 premio consistente en una cesta de picnic valorada en 60 \u20ac, repleta de productos t\u00edpicos de todos los municipios que componen dicha ruta\u00a0 (aceite, vino romano, magdalenas, mostachones, pan, chacina, tomates&#8230;) y una ruta de senderismo guiada a elegir entre las m\u00faltiples rutas existentes a lo largo de dichos municipios (en este caso, la\u00a0 ganadora se ha decantado por hacer la ruta del paraje natural del Embalse de Malpasillo a la Ermita de la Fuensanta en Badolatosa y Corcoya).<\/p>\n<p style=\"text-align: justify;\">Con este concurso, la fundaci\u00f3n Tierras de Jos\u00e9 Mar\u00eda el Tempranillo\u00a0 ha conmemorado el D\u00eda Internacional del Medio Ambiente, ya que son muchos los visitantes que deciden venir a conocer la riqueza natural de los municipios que la componen, entre ellos, el nuestro.<\/p>\n<p style=\"text-align: justify;\">Seg\u00fan nos han informado desde la Ruta, \u00abla participaci\u00f3n de fans de la p\u00e1gina de facebook en este concurso ha sido muy numerosa, pues la publicaci\u00f3n ha tenido un alcance de 10.096 personas, la han compartido un total de 172 personas, comentado 161 y ha gustado a 185 personas\u00bb.<\/p>\n<p style=\"text-align: justify;\">Asimismo, han a\u00f1adido \u00abque la fundaci\u00f3n, en su af\u00e1n de dar a conocer a trav\u00e9s de las redes sociales la riqueza cultural y medioambiental de los pueblos que la componen, suele hacer este tipo de concursos y sorteos, con el fin de captar la atenci\u00f3n de potenciales visitantes de nuestra atractiva ruta, pues ya sabemos que son muchos los usuarios de las redes sociales\u00bb.<\/p>\n<div id='gallery-1' class='gallery galleryid-21563 gallery-columns-1 gallery-size-full'><figure class='gallery-item'>\n\t\t\t<div class='gallery-icon landscape'>\n\t\t\t\t<a href='https:\/\/www.casariche.es\/?attachment_id=21575'><img loading=\"lazy\" decoding=\"async\" width=\"480\" height=\"376\" src=\"https:\/\/www.casariche.es\/wp-content\/uploads\/2018\/06\/PTEMPRANILLO1.jpg\" class=\"attachment-full size-full\" alt=\"\" srcset=\"https:\/\/www.casariche.es\/wp-content\/uploads\/2018\/06\/PTEMPRANILLO1.jpg 480w, https:\/\/www.casariche.es\/wp-content\/uploads\/2018\/06\/PTEMPRANILLO1-300x235.jpg 300w\" sizes=\"auto, (max-width: 480px) 100vw, 480px\" \/><\/a>\n\t\t\t<\/div><\/figure><figure class='gallery-item'>\n\t\t\t<div class='gallery-icon landscape'>\n\t\t\t\t<a href='https:\/\/www.casariche.es\/?attachment_id=21574'><img loading=\"lazy\" decoding=\"async\" width=\"480\" height=\"360\" src=\"https:\/\/www.casariche.es\/wp-content\/uploads\/2018\/06\/PTEMPRANILLO2.jpg\" class=\"attachment-full size-full\" alt=\"\" srcset=\"https:\/\/www.casariche.es\/wp-content\/uploads\/2018\/06\/PTEMPRANILLO2.jpg 480w, https:\/\/www.casariche.es\/wp-content\/uploads\/2018\/06\/PTEMPRANILLO2-300x225.jpg 300w\" sizes=\"auto, (max-width: 480px) 100vw, 480px\" \/><\/a>\n\t\t\t<\/div><\/figure>\n\t\t<\/div>\n\n","protected":false},"excerpt":{"rendered":"<p>El Sal\u00f3n de Plenos del Ayuntamiento de Casariche ha acogido hoy viernes 8 de Junio el acto de entrega del extraordinario premio que la ruta<\/p>\n","protected":false},"author":2,"featured_media":21574,"comment_status":"closed","ping_status":"closed","sticky":false,"template":"","format":"standard","meta":{"footnotes":""},"categories":[7,1],"tags":[],"class_list":["post-21563","post","type-post","status-publish","format-standard","has-post-thumbnail","hentry","category-cultura","category-sin-categoria"],"_links":{"self":[{"href":"https:\/\/www.casariche.es\/index.php?rest_route=\/wp\/v2\/posts\/21563","targetHints":{"allow":["GET"]}}],"collection":[{"href":"https:\/\/www.casariche.es\/index.php?rest_route=\/wp\/v2\/posts"}],"about":[{"href":"https:\/\/www.casariche.es\/index.php?rest_route=\/wp\/v2\/types\/post"}],"author":[{"embeddable":true,"href":"https:\/\/www.casariche.es\/index.php?rest_route=\/wp\/v2\/users\/2"}],"replies":[{"embeddable":true,"href":"https:\/\/www.casariche.es\/index.php?rest_route=%2Fwp%2Fv2%2Fcomments&post=21563"}],"version-history":[{"count":8,"href":"https:\/\/www.casariche.es\/index.php?rest_route=\/wp\/v2\/posts\/21563\/revisions"}],"predecessor-version":[{"id":21577,"href":"https:\/\/www.casariche.es\/index.php?rest_route=\/wp\/v2\/posts\/21563\/revisions\/21577"}],"wp:featuredmedia":[{"embeddable":true,"href":"https:\/\/www.casariche.es\/index.php?rest_route=\/wp\/v2\/media\/21574"}],"wp:attachment":[{"href":"https:\/\/www.casariche.es\/index.php?rest_route=%2Fwp%2Fv2%2Fmedia&parent=21563"}],"wp:term":[{"taxonomy":"category","embeddable":true,"href":"https:\/\/www.casariche.es\/index.php?rest_route=%2Fwp%2Fv2%2Fcategories&post=21563"},{"taxonomy":"post_tag","embeddable":true,"href":"https:\/\/www.casariche.es\/index.php?rest_route=%2Fwp%2Fv2%2Ftags&post=21563"}],"curies":[{"name":"wp","href":"https:\/\/api.w.org\/{rel}","templated":true}]}}