{"id":1992,"date":"2013-02-01T11:58:41","date_gmt":"2013-02-01T09:28:41","guid":{"rendered":"http:\/\/www.casariche.es\/?p=1992"},"modified":"2013-02-01T11:58:41","modified_gmt":"2013-02-01T09:28:41","slug":"celebrada-la-sesion-de-constitucion-del-parlamento-joven","status":"publish","type":"post","link":"https:\/\/www.casariche.es\/?p=1992","title":{"rendered":"Celebrada la Sesi\u00f3n de Constituci\u00f3n del Parlamento Joven"},"content":{"rendered":"<p>El Sal\u00f3n de Plenos del Ayuntamiento de Casariche acogi\u00f3 el martes 29 de Enero, de 13:00 a 14:40 horas, la sesi\u00f3n plenaria de Constituci\u00f3n del Parlamento Joven, siendo en concreto a partir de las 11:30 horas cuando se ha llevado a cabo el Pleno de Constituci\u00f3n del mismo durante el presente curso escolar 2012\/2013.<\/p>\n<p>Durante la primera hora, los j\u00f3venes parlamentarios (20 alumnos de 2\u00ba de ESO del IES Atalaya) que participan en este programa, mantuvieron una sesi\u00f3n de trabajo sobre los temas a tratar en su posterior encuentro con el Alcalde de Casariche, Basilio Carri\u00f3n, que se produjo durante la \u00faltima hora.<\/p>\n<p>Durante este encuentro, se estableci\u00f3 una ronda de intervenciones por parte de nuestro Alcalde y de los j\u00f3venes parlamentarios, que tuvieron oportunidad de hacerle diversas consultas sobre algunos aspectos de su inter\u00e9s, as\u00ed como le informaron en detalle del trabajo que pretenden desarrollar a lo largo de este a\u00f1o a trav\u00e9s del Parlamento Joven y que se materializar\u00e1 en la realizaci\u00f3n de Gymkanas con los diversos colectivos de nuestro municipio.<\/p>\n<p>Finalmente, se procedi\u00f3 a firma del juramento de compromisos por parte del alumnado, quedando constituido oficialmente este Parlamento Joven.<\/p>\n<p>Esta sesi\u00f3n cont\u00f3 tambi\u00e9n con la presencia de las Agentes de Dinamizaci\u00f3n Juvenil de nuestro municipio, Roc\u00edo Mart\u00edn y Fuensanta Gamero.<\/p>\n<p>Cabe recordar que el Parlamento Joven est\u00e1 patrocinado por la Diputaci\u00f3n de Sevilla y persigue la integraci\u00f3n de la perspectiva juvenil en las pol\u00edticas municipales, a trav\u00e9s de una estructura de participaci\u00f3n, con el fin de que los j\u00f3venes puedan identificar sus problem\u00e1ticas y realizar las propuestas de intervenci\u00f3n m\u00e1s apropiadas para solventarlos a su juicio. Adem\u00e1s, constituye para los j\u00f3venes participantes una experiencia de participaci\u00f3n democr\u00e1tica que contribuir\u00e1 a crear futuros ciudadanos y ciudadanas comprometidos con la realidad social y pol\u00edtica de su localidad. Es \u00e9ste un proyecto de car\u00e1cter bianual que comienza en el primer curso de la ESO, en el caso de Casariche este curso se lleva a cabo el segundo a\u00f1o de trabajo.<\/p>\n<p><a href=\"http:\/\/www.casariche.es\/wp-content\/uploads\/2013\/02\/p-joven20133.jpg\"><img loading=\"lazy\" decoding=\"async\" class=\"alignleft size-full wp-image-1996\" title=\"p-joven2013\" src=\"http:\/\/www.casariche.es\/wp-content\/uploads\/2013\/02\/p-joven20133.jpg\" alt=\"\" width=\"480\" height=\"260\" srcset=\"https:\/\/www.casariche.es\/wp-content\/uploads\/2013\/02\/p-joven20133.jpg 480w, https:\/\/www.casariche.es\/wp-content\/uploads\/2013\/02\/p-joven20133-300x162.jpg 300w\" sizes=\"auto, (max-width: 480px) 100vw, 480px\" \/><\/a><\/p>\n<p>&nbsp;<\/p>\n","protected":false},"excerpt":{"rendered":"<p>El Sal\u00f3n de Plenos del Ayuntamiento de Casariche acogi\u00f3 el martes 29 de Enero, de 13:00 a 14:40 horas, la sesi\u00f3n plenaria de Constituci\u00f3n del<\/p>\n","protected":false},"author":2,"featured_media":1993,"comment_status":"closed","ping_status":"open","sticky":false,"template":"","format":"standard","meta":{"footnotes":""},"categories":[9,1,22],"tags":[383,118,382,139],"class_list":["post-1992","post","type-post","status-publish","format-standard","has-post-thumbnail","hentry","category-educacion","category-sin-categoria","category-juventud","tag-constitucion","tag-joven","tag-parlamento","tag-pleno"],"_links":{"self":[{"href":"https:\/\/www.casariche.es\/index.php?rest_route=\/wp\/v2\/posts\/1992","targetHints":{"allow":["GET"]}}],"collection":[{"href":"https:\/\/www.casariche.es\/index.php?rest_route=\/wp\/v2\/posts"}],"about":[{"href":"https:\/\/www.casariche.es\/index.php?rest_route=\/wp\/v2\/types\/post"}],"author":[{"embeddable":true,"href":"https:\/\/www.casariche.es\/index.php?rest_route=\/wp\/v2\/users\/2"}],"replies":[{"embeddable":true,"href":"https:\/\/www.casariche.es\/index.php?rest_route=%2Fwp%2Fv2%2Fcomments&post=1992"}],"version-history":[{"count":1,"href":"https:\/\/www.casariche.es\/index.php?rest_route=\/wp\/v2\/posts\/1992\/revisions"}],"predecessor-version":[{"id":1997,"href":"https:\/\/www.casariche.es\/index.php?rest_route=\/wp\/v2\/posts\/1992\/revisions\/1997"}],"wp:featuredmedia":[{"embeddable":true,"href":"https:\/\/www.casariche.es\/index.php?rest_route=\/wp\/v2\/media\/1993"}],"wp:attachment":[{"href":"https:\/\/www.casariche.es\/index.php?rest_route=%2Fwp%2Fv2%2Fmedia&parent=1992"}],"wp:term":[{"taxonomy":"category","embeddable":true,"href":"https:\/\/www.casariche.es\/index.php?rest_route=%2Fwp%2Fv2%2Fcategories&post=1992"},{"taxonomy":"post_tag","embeddable":true,"href":"https:\/\/www.casariche.es\/index.php?rest_route=%2Fwp%2Fv2%2Ftags&post=1992"}],"curies":[{"name":"wp","href":"https:\/\/api.w.org\/{rel}","templated":true}]}}