{"id":19279,"date":"2017-11-20T14:07:25","date_gmt":"2017-11-20T12:07:25","guid":{"rendered":"http:\/\/www.casariche.es\/?p=19279"},"modified":"2017-11-20T14:07:25","modified_gmt":"2017-11-20T12:07:25","slug":"casariche-estuvo-presente-en-el-acto-inaugural-de-la-xii-feria-provincial-de-mujeres-empresarias","status":"publish","type":"post","link":"https:\/\/www.casariche.es\/?p=19279","title":{"rendered":"Casariche estuvo presente en el acto inaugural de la XII Feria Provincial de Mujeres Empresarias"},"content":{"rendered":"<p style=\"text-align: justify;\">Nuestro Alcalde, Basilio Carri\u00f3n, acompa\u00f1ado por los Concejales de Pol\u00edtica Social e Igualdad y de Empleo, M\u00aa de los Santos Parrado y Jos\u00e9 Manuel S\u00e1nchez, respectivamente, asisti\u00f3 el viernes 17 de Noviembre al acto inaugural de la XII Feria Provincial de Mujeres Empresarias (Fepme) 2017, presidido por\u00a0Fernando Rodr\u00edguez Villalobos, Presidente de la Diputaci\u00f3n Provincial de Sevilla.<\/p>\n<p style=\"text-align: justify;\">Un a\u00f1o m\u00e1s, nuestro Ayuntamiento ha estado apoyando esta feria que\u00a0\u00bb se ha consolidado como la cita m\u00e1s importante de emprendimiento femenino de la provincia, y que adem\u00e1s de dar visibilidad a las empresarias sevillanas, sirve de ejemplo y de incentivo a todas las mujeres con inquietudes emprendedoras\u00bb.<\/p>\n<p style=\"text-align: justify;\">Cabe destacar que en esta duod\u00e9cima edici\u00f3n, en la que han participado un total de 53 empresarias, se ha celebrado del 17 al 19 de Noviembre de 2017 contando con 57 expositores instalados en el patio de la propia Diputaci\u00f3n.<\/p>\n<p><img loading=\"lazy\" decoding=\"async\" class=\"aligncenter wp-image-19297 size-full\" src=\"http:\/\/www.casariche.es\/wp-content\/uploads\/2017\/11\/fepme172.jpg\" alt=\"\" width=\"480\" height=\"360\" srcset=\"https:\/\/www.casariche.es\/wp-content\/uploads\/2017\/11\/fepme172.jpg 480w, https:\/\/www.casariche.es\/wp-content\/uploads\/2017\/11\/fepme172-300x225.jpg 300w\" sizes=\"auto, (max-width: 480px) 100vw, 480px\" \/><\/p>\n<p><img loading=\"lazy\" decoding=\"async\" class=\"aligncenter wp-image-19296 size-full\" src=\"http:\/\/www.casariche.es\/wp-content\/uploads\/2017\/11\/fepme171.jpg\" alt=\"\" width=\"360\" height=\"480\" srcset=\"https:\/\/www.casariche.es\/wp-content\/uploads\/2017\/11\/fepme171.jpg 360w, https:\/\/www.casariche.es\/wp-content\/uploads\/2017\/11\/fepme171-225x300.jpg 225w\" sizes=\"auto, (max-width: 360px) 100vw, 360px\" \/><\/p>\n<p><img loading=\"lazy\" decoding=\"async\" class=\"aligncenter wp-image-19298 size-full\" src=\"http:\/\/www.casariche.es\/wp-content\/uploads\/2017\/11\/fepme173.jpg\" alt=\"\" width=\"480\" height=\"360\" srcset=\"https:\/\/www.casariche.es\/wp-content\/uploads\/2017\/11\/fepme173.jpg 480w, https:\/\/www.casariche.es\/wp-content\/uploads\/2017\/11\/fepme173-300x225.jpg 300w\" sizes=\"auto, (max-width: 480px) 100vw, 480px\" \/><\/p>\n","protected":false},"excerpt":{"rendered":"<p>Nuestro Alcalde, Basilio Carri\u00f3n, acompa\u00f1ado por los Concejales de Pol\u00edtica Social e Igualdad y de Empleo, M\u00aa de los Santos Parrado y Jos\u00e9 Manuel S\u00e1nchez,<\/p>\n","protected":false},"author":2,"featured_media":19299,"comment_status":"closed","ping_status":"closed","sticky":false,"template":"","format":"standard","meta":{"footnotes":""},"categories":[5,9,1,6],"tags":[249,387,224,12,197],"class_list":["post-19279","post","type-post","status-publish","format-standard","has-post-thumbnail","hentry","category-alcaldia","category-educacion","category-sin-categoria","category-bienestar-social","tag-emprendedoras","tag-emprendimiento","tag-empresarias","tag-feria","tag-mujeres"],"_links":{"self":[{"href":"https:\/\/www.casariche.es\/index.php?rest_route=\/wp\/v2\/posts\/19279","targetHints":{"allow":["GET"]}}],"collection":[{"href":"https:\/\/www.casariche.es\/index.php?rest_route=\/wp\/v2\/posts"}],"about":[{"href":"https:\/\/www.casariche.es\/index.php?rest_route=\/wp\/v2\/types\/post"}],"author":[{"embeddable":true,"href":"https:\/\/www.casariche.es\/index.php?rest_route=\/wp\/v2\/users\/2"}],"replies":[{"embeddable":true,"href":"https:\/\/www.casariche.es\/index.php?rest_route=%2Fwp%2Fv2%2Fcomments&post=19279"}],"version-history":[{"count":4,"href":"https:\/\/www.casariche.es\/index.php?rest_route=\/wp\/v2\/posts\/19279\/revisions"}],"predecessor-version":[{"id":19301,"href":"https:\/\/www.casariche.es\/index.php?rest_route=\/wp\/v2\/posts\/19279\/revisions\/19301"}],"wp:featuredmedia":[{"embeddable":true,"href":"https:\/\/www.casariche.es\/index.php?rest_route=\/wp\/v2\/media\/19299"}],"wp:attachment":[{"href":"https:\/\/www.casariche.es\/index.php?rest_route=%2Fwp%2Fv2%2Fmedia&parent=19279"}],"wp:term":[{"taxonomy":"category","embeddable":true,"href":"https:\/\/www.casariche.es\/index.php?rest_route=%2Fwp%2Fv2%2Fcategories&post=19279"},{"taxonomy":"post_tag","embeddable":true,"href":"https:\/\/www.casariche.es\/index.php?rest_route=%2Fwp%2Fv2%2Ftags&post=19279"}],"curies":[{"name":"wp","href":"https:\/\/api.w.org\/{rel}","templated":true}]}}