{"id":16517,"date":"2017-05-17T19:07:03","date_gmt":"2017-05-17T16:37:03","guid":{"rendered":"http:\/\/www.casariche.es\/?p=16517"},"modified":"2017-05-17T19:07:03","modified_gmt":"2017-05-17T16:37:03","slug":"casariche-se-suma-a-la-conmemoracion-del-dia-internacional-contra-la-lgtbifobia","status":"publish","type":"post","link":"https:\/\/www.casariche.es\/?p=16517","title":{"rendered":"Casariche se suma a la conmemoraci\u00f3n del D\u00eda Internacional contra la LGTBIfobia"},"content":{"rendered":"<p style=\"text-align: justify;\">Hoy 17 de mayo se conmemora el D\u00eda Internacional contra la Homofobia, la Transfobia y la Bifobia (LGTBIFobia), cuyo\u00a0objetivo principal es el de coordinar todo tipo de acciones que sirvan para denunciar la discriminaci\u00f3n de que son objeto las personas homosexuales, lesbianas, bisexuales y transexuales y para hacer avanzar sus derechos en todo el mundo. El Ayuntamiento de Casariche se ha sumado a dicha conmemoraci\u00f3n colocando en uno de sus balcones la Bandera LGTBI. \u00a0En esta misma l\u00ednea \u00abcabe destacar que la Biblioteca Municipal contar\u00e1 pr\u00f3ximamente con ejemplares de tem\u00e1tica LGTBI\u00bb.<\/p>\n<p style=\"text-align: justify;\"><img loading=\"lazy\" decoding=\"async\" class=\"aligncenter size-full wp-image-16520\" src=\"http:\/\/www.casariche.es\/wp-content\/uploads\/2017\/05\/lgtbi1.jpg\" alt=\"\" width=\"360\" height=\"480\" srcset=\"https:\/\/www.casariche.es\/wp-content\/uploads\/2017\/05\/lgtbi1.jpg 360w, https:\/\/www.casariche.es\/wp-content\/uploads\/2017\/05\/lgtbi1-225x300.jpg 225w\" sizes=\"auto, (max-width: 360px) 100vw, 360px\" \/><\/p>\n<p style=\"text-align: justify;\">Por otro lado, en d\u00edas pasados, en concreto, el viernes 12 de Mayo, nuestra Concejala de Cultura, Macarena Parrado, asisti\u00f3 a la I Asamblea Sevillana de la Red de Municipios Orgullosos, organizada tanto por la Red de Municipios como por la Asociaci\u00f3n Adriano Antinoo, bajo el lema \u00abTrabajando en Red por los derechos de las personas homosexuales, bisexuales, transexuales e interg\u00e9nero\u00bb. \u00a0Dicha asamblea tuvo lugar en el Sal\u00f3n de Actos del centro C\u00edvico \u00abLas Sirenas\u00bb en la Alameda de H\u00e9rcules y en la misma se cont\u00f3 con representaci\u00f3n de los 32 municipios de la provincia de Sevilla adscritos a ella, entre ellos, el nuestro.<\/p>\n<p style=\"text-align: justify;\">A grandes rasgos, en esta Asamblea se abord\u00f3 c\u00f3mo optimizar la coordinaci\u00f3n de la citada red, de modo que los pueblos implicados puedan conocer y compartir experiencias e informaci\u00f3n. Por ello, algunos de los temas que se debatieron fueron la situaci\u00f3n actual de la Red, \u00a0la\u00a0Aplicaci\u00f3n de la Ley 2\/2014, de 8 de julio, integral para la no discriminaci\u00f3n por motivos de identidad de g\u00e9nero y el reconocimiento de los derechos de las personas transexuales de Andaluc\u00eda, as\u00ed como los Programas de educaci\u00f3n en esta l\u00ednea \u00a0o el evento Orgullo LGTBI 2017.<\/p>\n<p style=\"text-align: justify;\"><img loading=\"lazy\" decoding=\"async\" class=\"aligncenter size-full wp-image-16522\" src=\"http:\/\/www.casariche.es\/wp-content\/uploads\/2017\/05\/lgtbi3.jpg\" alt=\"\" width=\"480\" height=\"360\" srcset=\"https:\/\/www.casariche.es\/wp-content\/uploads\/2017\/05\/lgtbi3.jpg 480w, https:\/\/www.casariche.es\/wp-content\/uploads\/2017\/05\/lgtbi3-300x225.jpg 300w\" sizes=\"auto, (max-width: 480px) 100vw, 480px\" \/><\/p>\n<p style=\"text-align: justify;\">\n","protected":false},"excerpt":{"rendered":"<p>Hoy 17 de mayo se conmemora el D\u00eda Internacional contra la Homofobia, la Transfobia y la Bifobia (LGTBIFobia), cuyo\u00a0objetivo principal es el de coordinar todo<\/p>\n","protected":false},"author":2,"featured_media":16521,"comment_status":"closed","ping_status":"closed","sticky":false,"template":"","format":"standard","meta":{"footnotes":""},"categories":[7,1,22],"tags":[1830,1828,1827,1829],"class_list":["post-16517","post","type-post","status-publish","format-standard","has-post-thumbnail","hentry","category-cultura","category-sin-categoria","category-juventud","tag-bifobia","tag-homofobia","tag-lgtbifobia","tag-transfobia"],"_links":{"self":[{"href":"https:\/\/www.casariche.es\/index.php?rest_route=\/wp\/v2\/posts\/16517","targetHints":{"allow":["GET"]}}],"collection":[{"href":"https:\/\/www.casariche.es\/index.php?rest_route=\/wp\/v2\/posts"}],"about":[{"href":"https:\/\/www.casariche.es\/index.php?rest_route=\/wp\/v2\/types\/post"}],"author":[{"embeddable":true,"href":"https:\/\/www.casariche.es\/index.php?rest_route=\/wp\/v2\/users\/2"}],"replies":[{"embeddable":true,"href":"https:\/\/www.casariche.es\/index.php?rest_route=%2Fwp%2Fv2%2Fcomments&post=16517"}],"version-history":[{"count":3,"href":"https:\/\/www.casariche.es\/index.php?rest_route=\/wp\/v2\/posts\/16517\/revisions"}],"predecessor-version":[{"id":16523,"href":"https:\/\/www.casariche.es\/index.php?rest_route=\/wp\/v2\/posts\/16517\/revisions\/16523"}],"wp:featuredmedia":[{"embeddable":true,"href":"https:\/\/www.casariche.es\/index.php?rest_route=\/wp\/v2\/media\/16521"}],"wp:attachment":[{"href":"https:\/\/www.casariche.es\/index.php?rest_route=%2Fwp%2Fv2%2Fmedia&parent=16517"}],"wp:term":[{"taxonomy":"category","embeddable":true,"href":"https:\/\/www.casariche.es\/index.php?rest_route=%2Fwp%2Fv2%2Fcategories&post=16517"},{"taxonomy":"post_tag","embeddable":true,"href":"https:\/\/www.casariche.es\/index.php?rest_route=%2Fwp%2Fv2%2Ftags&post=16517"}],"curies":[{"name":"wp","href":"https:\/\/api.w.org\/{rel}","templated":true}]}}