{"id":15793,"date":"2017-03-13T21:20:54","date_gmt":"2017-03-13T18:50:54","guid":{"rendered":"http:\/\/www.casariche.es\/?p=15793"},"modified":"2017-03-14T12:49:58","modified_gmt":"2017-03-14T10:19:58","slug":"abierto-el-plazo-de-solicitud-de-naves-en-el-vivero-de-empresas-de-casariche","status":"publish","type":"post","link":"https:\/\/www.casariche.es\/?p=15793","title":{"rendered":"Abierto el plazo de solicitud de despachos en el Vivero de Empresas de Casariche"},"content":{"rendered":"<p style=\"text-align: justify;\">Si quieres montar tu propia empresa, en el <strong>Vivero de Empresas de Casariche, VIVECAS<\/strong>, tenemos el local que necesitas. <strong>El plazo de solicitud de despachos estar\u00e1 abierto hasta el pr\u00f3ximo 24 de Marzo<\/strong>. En VIVECAS, ubicado en el Pol\u00edgono Industrial de La Zarzuela, disponemos de espacios de alojamiento de distintas superficies, cesi\u00f3n de los locales por s\u00f3lo 1 Euro\/m2 y de una sala de Presentaciones y Formaci\u00f3n gratuita para viveristas.<\/p>\n<p style=\"text-align: justify;\">A grandes rasgos, los <strong>requisitos<\/strong> que deben cumplir las empresas para optar al vivero son los siguientes:<\/p>\n<p style=\"text-align: justify;\"><strong><span style=\"text-decoration: underline;\">Tipos de Usuarios<\/span>:<\/strong> Los usuarios susceptibles de instalarse en el Vivero ser\u00e1n preferentemente las personas f\u00edsicas, actuando en su propio nombre o en representaci\u00f3n de una empresa de nueva creaci\u00f3n, entendi\u00e9ndose por tales:<\/p>\n<ul>\n<li style=\"text-align: justify;\">Empresas en proyecto: Que se constituyan legalmente en el plazo m\u00e1ximo de tres meses desde su instalaci\u00f3n en el Vivero.<\/li>\n<li style=\"text-align: justify;\">Empresas nuevas: Que comiencen su actividad econ\u00f3mica con la instalaci\u00f3n en el Vivero de empresas.<\/li>\n<li style=\"text-align: justify;\">Empresas recientes: aquellas cuyo inicio de actividad haya tenido lugar como m\u00e1ximo, en los dos a\u00f1os anteriores a la fecha de solicitud de admisi\u00f3n en el Vivero.<\/li>\n<\/ul>\n<p style=\"text-align: justify;\">A efectos de determinaci\u00f3n del inicio de actividad, se considerar\u00e1 la fecha de alta en la Declaraci\u00f3n Censal.<\/p>\n<p style=\"text-align: justify;\">En casos excepcionales, justificados adecuadamente, la Comisi\u00f3n del Vivero de Empresas podr\u00e1 aprobar la admisi\u00f3n como usuario del Vivero a empresas ya constituidas, que inicien una actividad nueva, distinta de la principal o de la que se inici\u00f3 con la constituci\u00f3n de la empresa, cuyo desarrollo est\u00e9 dentro del periodo establecido de dos a\u00f1os.<\/p>\n<p style=\"text-align: justify;\"><strong><span style=\"text-decoration: underline;\">Criterios de Selecci\u00f3n de los proyectos<\/span><\/strong>:<\/p>\n<ul>\n<li style=\"text-align: justify;\">El domicilio fiscal y social de las empresas que quieran acceder al Vivero debe estar establecido en Casariche (Sevilla).<\/li>\n<li style=\"text-align: justify;\">Deben tratarse de proyectos empresarialmente viables a juicio del \u00f3rgano responsable de su admisi\u00f3n.<\/li>\n<\/ul>\n<p style=\"text-align: justify;\">Para consultas e inscripciones, debes dirigirte a la Oficina de Procasariche, S.L.U., ubicada en la Casa de la Juventud, de lunes a viernes en horario de 08:00 a 15:00 horas (tfnos: 954 01 99 05 \/ 628 71 27 97 , e-mail: teresaparrado@casariche.es).<\/p>\n<p style=\"text-align: justify;\">\u00a1Corre ya a informarte! Ofrecemos dos meses gratuitos a las primeras inscripciones.<\/p>\n<p><img loading=\"lazy\" decoding=\"async\" class=\"aligncenter size-full wp-image-15795\" src=\"http:\/\/www.casariche.es\/wp-content\/uploads\/2017\/03\/vivero.jpg\" alt=\"\" width=\"480\" height=\"660\" srcset=\"https:\/\/www.casariche.es\/wp-content\/uploads\/2017\/03\/vivero.jpg 480w, https:\/\/www.casariche.es\/wp-content\/uploads\/2017\/03\/vivero-218x300.jpg 218w\" sizes=\"auto, (max-width: 480px) 100vw, 480px\" \/><\/p>\n","protected":false},"excerpt":{"rendered":"<p>Si quieres montar tu propia empresa, en el Vivero de Empresas de Casariche, VIVECAS, tenemos el local que necesitas. El plazo de solicitud de despachos<\/p>\n","protected":false},"author":2,"featured_media":15796,"comment_status":"closed","ping_status":"closed","sticky":false,"template":"","format":"standard","meta":{"footnotes":""},"categories":[4,9,1],"tags":[662,1759,1760,1761,661],"class_list":["post-15793","post","type-post","status-publish","format-standard","has-post-thumbnail","hentry","category-desarrollo","category-educacion","category-sin-categoria","tag-empresas","tag-naves","tag-optar","tag-requisitos","tag-vivero"],"_links":{"self":[{"href":"https:\/\/www.casariche.es\/index.php?rest_route=\/wp\/v2\/posts\/15793","targetHints":{"allow":["GET"]}}],"collection":[{"href":"https:\/\/www.casariche.es\/index.php?rest_route=\/wp\/v2\/posts"}],"about":[{"href":"https:\/\/www.casariche.es\/index.php?rest_route=\/wp\/v2\/types\/post"}],"author":[{"embeddable":true,"href":"https:\/\/www.casariche.es\/index.php?rest_route=\/wp\/v2\/users\/2"}],"replies":[{"embeddable":true,"href":"https:\/\/www.casariche.es\/index.php?rest_route=%2Fwp%2Fv2%2Fcomments&post=15793"}],"version-history":[{"count":8,"href":"https:\/\/www.casariche.es\/index.php?rest_route=\/wp\/v2\/posts\/15793\/revisions"}],"predecessor-version":[{"id":15803,"href":"https:\/\/www.casariche.es\/index.php?rest_route=\/wp\/v2\/posts\/15793\/revisions\/15803"}],"wp:featuredmedia":[{"embeddable":true,"href":"https:\/\/www.casariche.es\/index.php?rest_route=\/wp\/v2\/media\/15796"}],"wp:attachment":[{"href":"https:\/\/www.casariche.es\/index.php?rest_route=%2Fwp%2Fv2%2Fmedia&parent=15793"}],"wp:term":[{"taxonomy":"category","embeddable":true,"href":"https:\/\/www.casariche.es\/index.php?rest_route=%2Fwp%2Fv2%2Fcategories&post=15793"},{"taxonomy":"post_tag","embeddable":true,"href":"https:\/\/www.casariche.es\/index.php?rest_route=%2Fwp%2Fv2%2Ftags&post=15793"}],"curies":[{"name":"wp","href":"https:\/\/api.w.org\/{rel}","templated":true}]}}