{"id":15783,"date":"2017-03-13T18:00:42","date_gmt":"2017-03-13T15:30:42","guid":{"rendered":"http:\/\/www.casariche.es\/?p=15783"},"modified":"2017-03-13T18:00:42","modified_gmt":"2017-03-13T15:30:42","slug":"inaugurada-en-nuestra-coleccion-museografica-la-exposicion-esperanza-plata-luz-y-sueno","status":"publish","type":"post","link":"https:\/\/www.casariche.es\/?p=15783","title":{"rendered":"Inaugurada en nuestra Colecci\u00f3n Museogr\u00e1fica la Exposici\u00f3n \u00abEsperanza, Plata, Luz y Sue\u00f1o\u00bb"},"content":{"rendered":"<p style=\"text-align: justify;\">Ayer 12 de Marzo se inaugur\u00f3 en la Colecci\u00f3n Museogr\u00e1fica del Mosaico Romano \u00abJos\u00e9 Herrera Rodas\u00bb de Casariche la exposici\u00f3n \u00abEsperanza, Plata, Luz y Sue\u00f1o\u00bb, en la que se pueden admirar los nuevos respiraderos del paso de palio de Mar\u00eda Sant\u00edsima de la Esperanza, obra del taller sevillano \u00abOrfebrer\u00eda Andaluza Manuel de los R\u00edos e Hijos\u00bb para la Hermandad de Nuestro Padre Jes\u00fas Nazareno y Mar\u00eda Sant\u00edsima de la Esperanza de nuestra localidad.<\/p>\n<p style=\"text-align: justify;\">El acto inaugural, que reuni\u00f3 a much\u00edsimo p\u00fablico, cont\u00f3 con las intervenciones del Alcalde de Casariche, Basilio Carri\u00f3n, quien inform\u00f3 \u00absobre la l\u00ednea de trabajo de la Colecci\u00f3n Museogr\u00e1fica y su apuesta por la promoci\u00f3n de nuestra cultura tambi\u00e9n a trav\u00e9s del legado de nuestras Hermandades, colectivos y asociaciones\u00bb, y de Francisco Jos\u00e9 Florido, Hermano Mayor de la Hermandad, quien explic\u00f3 \u00aben detalle en qu\u00e9 consist\u00eda el proyecto de los nuevos respiraderos del paso de palio de la Virgen que se presentaban oficialmente en la exposici\u00f3n\u00bb.<\/p>\n<p style=\"text-align: justify;\">La Hermandad casariche\u00f1a se mostr\u00f3 \u00abmuy agradecida a todas las hermandades, asociaciones, herman@s y devot@s, as\u00ed como vecin@s en general, que les acompa\u00f1aron en un d\u00eda tan especial para ellos\u00bb. Asimismo, hizo \u00abun obsequio a las Hermandades de la Ntra. Sra. de la Fuensanta de Corcoya, de Ntra. Sra. de la Encarnaci\u00f3n de Casariche, y de la Virgen de Los Reyes de Sevilla, dado que las im\u00e1genes de sus respectivas titulares est\u00e1n representadas en las tres capillas que posee la pieza presentada. Como dos de ellas se encontraban all\u00ed presentes, \u00e9ste fue entregado directamente a sus Hermanos Mayores, Gregorio Le\u00f3n (Hermandad de Ntra. Sra. de la Fuensanta) y Encarnaci\u00f3n Ram\u00edrez (Hermandad de Ntra. Sra.de la Encarnaci\u00f3n), mientras que va a remitir el suyo a la Hermandad sevillana. Tambi\u00e9n tuvo un detalle para el Ayuntamiento de Casariche y otro para la Colecci\u00f3n Museogr\u00e1fica.<\/p>\n<p style=\"text-align: justify;\">Desde aqu\u00ed os recordamos que esta exposici\u00f3n, que aborda el an\u00e1lisis de esta importante pieza, podr\u00e1 visitarse en el horario habitual de la Colecci\u00f3n hasta el 26 de Marzo:<\/p>\n<ul>\n<li>de martes a domingo: de 10:00 a 14:00 h.<\/li>\n<li>de martes a s\u00e1bado: de 17:00 a 19:00 h.<\/li>\n<\/ul>\n<p>\u00a1No dej\u00e9is de visitarla! \u00a1Os esperamos!<\/p>\n<p><img loading=\"lazy\" decoding=\"async\" class=\"aligncenter size-full wp-image-15785\" src=\"http:\/\/www.casariche.es\/wp-content\/uploads\/2017\/03\/respiesp22.jpg\" alt=\"\" width=\"360\" height=\"480\" srcset=\"https:\/\/www.casariche.es\/wp-content\/uploads\/2017\/03\/respiesp22.jpg 360w, https:\/\/www.casariche.es\/wp-content\/uploads\/2017\/03\/respiesp22-225x300.jpg 225w\" sizes=\"auto, (max-width: 360px) 100vw, 360px\" \/><\/p>\n<p><img loading=\"lazy\" decoding=\"async\" class=\"aligncenter size-full wp-image-15786\" src=\"http:\/\/www.casariche.es\/wp-content\/uploads\/2017\/03\/respiesp21.jpg\" alt=\"\" width=\"480\" height=\"360\" srcset=\"https:\/\/www.casariche.es\/wp-content\/uploads\/2017\/03\/respiesp21.jpg 480w, https:\/\/www.casariche.es\/wp-content\/uploads\/2017\/03\/respiesp21-300x225.jpg 300w\" sizes=\"auto, (max-width: 480px) 100vw, 480px\" \/><\/p>\n<p><img loading=\"lazy\" decoding=\"async\" class=\"aligncenter size-full wp-image-15787\" src=\"http:\/\/www.casariche.es\/wp-content\/uploads\/2017\/03\/respiesp20.jpg\" alt=\"\" width=\"480\" height=\"360\" srcset=\"https:\/\/www.casariche.es\/wp-content\/uploads\/2017\/03\/respiesp20.jpg 480w, https:\/\/www.casariche.es\/wp-content\/uploads\/2017\/03\/respiesp20-300x225.jpg 300w\" sizes=\"auto, (max-width: 480px) 100vw, 480px\" \/><\/p>\n<p><img loading=\"lazy\" decoding=\"async\" class=\"aligncenter size-full wp-image-15788\" src=\"http:\/\/www.casariche.es\/wp-content\/uploads\/2017\/03\/respiesp19.jpg\" alt=\"\" width=\"480\" height=\"480\" srcset=\"https:\/\/www.casariche.es\/wp-content\/uploads\/2017\/03\/respiesp19.jpg 480w, https:\/\/www.casariche.es\/wp-content\/uploads\/2017\/03\/respiesp19-150x150.jpg 150w, https:\/\/www.casariche.es\/wp-content\/uploads\/2017\/03\/respiesp19-300x300.jpg 300w\" sizes=\"auto, (max-width: 480px) 100vw, 480px\" \/> <img loading=\"lazy\" decoding=\"async\" class=\"aligncenter size-full wp-image-15789\" src=\"http:\/\/www.casariche.es\/wp-content\/uploads\/2017\/03\/respiesp17.jpg\" alt=\"\" width=\"360\" height=\"480\" srcset=\"https:\/\/www.casariche.es\/wp-content\/uploads\/2017\/03\/respiesp17.jpg 360w, https:\/\/www.casariche.es\/wp-content\/uploads\/2017\/03\/respiesp17-225x300.jpg 225w\" sizes=\"auto, (max-width: 360px) 100vw, 360px\" \/><\/p>\n<p><img loading=\"lazy\" decoding=\"async\" class=\"aligncenter size-full wp-image-15790\" src=\"http:\/\/www.casariche.es\/wp-content\/uploads\/2017\/03\/respiesp16.jpg\" alt=\"\" width=\"480\" height=\"360\" srcset=\"https:\/\/www.casariche.es\/wp-content\/uploads\/2017\/03\/respiesp16.jpg 480w, https:\/\/www.casariche.es\/wp-content\/uploads\/2017\/03\/respiesp16-300x225.jpg 300w\" sizes=\"auto, (max-width: 480px) 100vw, 480px\" \/><\/p>\n","protected":false},"excerpt":{"rendered":"<p>Ayer 12 de Marzo se inaugur\u00f3 en la Colecci\u00f3n Museogr\u00e1fica del Mosaico Romano \u00abJos\u00e9 Herrera Rodas\u00bb de Casariche la exposici\u00f3n \u00abEsperanza, Plata, Luz y Sue\u00f1o\u00bb,<\/p>\n","protected":false},"author":2,"featured_media":15792,"comment_status":"closed","ping_status":"closed","sticky":false,"template":"","format":"standard","meta":{"footnotes":""},"categories":[7,1,18],"tags":[327,849,326,1738,1758,1739],"class_list":["post-15783","post","type-post","status-publish","format-standard","has-post-thumbnail","hentry","category-cultura","category-sin-categoria","category-turismo","tag-esperanza","tag-inauguracion","tag-nazareno","tag-palio","tag-paso","tag-respiraderos"],"_links":{"self":[{"href":"https:\/\/www.casariche.es\/index.php?rest_route=\/wp\/v2\/posts\/15783","targetHints":{"allow":["GET"]}}],"collection":[{"href":"https:\/\/www.casariche.es\/index.php?rest_route=\/wp\/v2\/posts"}],"about":[{"href":"https:\/\/www.casariche.es\/index.php?rest_route=\/wp\/v2\/types\/post"}],"author":[{"embeddable":true,"href":"https:\/\/www.casariche.es\/index.php?rest_route=\/wp\/v2\/users\/2"}],"replies":[{"embeddable":true,"href":"https:\/\/www.casariche.es\/index.php?rest_route=%2Fwp%2Fv2%2Fcomments&post=15783"}],"version-history":[{"count":2,"href":"https:\/\/www.casariche.es\/index.php?rest_route=\/wp\/v2\/posts\/15783\/revisions"}],"predecessor-version":[{"id":15791,"href":"https:\/\/www.casariche.es\/index.php?rest_route=\/wp\/v2\/posts\/15783\/revisions\/15791"}],"wp:featuredmedia":[{"embeddable":true,"href":"https:\/\/www.casariche.es\/index.php?rest_route=\/wp\/v2\/media\/15792"}],"wp:attachment":[{"href":"https:\/\/www.casariche.es\/index.php?rest_route=%2Fwp%2Fv2%2Fmedia&parent=15783"}],"wp:term":[{"taxonomy":"category","embeddable":true,"href":"https:\/\/www.casariche.es\/index.php?rest_route=%2Fwp%2Fv2%2Fcategories&post=15783"},{"taxonomy":"post_tag","embeddable":true,"href":"https:\/\/www.casariche.es\/index.php?rest_route=%2Fwp%2Fv2%2Ftags&post=15783"}],"curies":[{"name":"wp","href":"https:\/\/api.w.org\/{rel}","templated":true}]}}