{"id":15711,"date":"2017-03-08T11:07:23","date_gmt":"2017-03-08T08:37:23","guid":{"rendered":"http:\/\/www.casariche.es\/?p=15711"},"modified":"2017-03-08T11:07:23","modified_gmt":"2017-03-08T08:37:23","slug":"nuestro-municipio-acoge-manana-9-de-marzo-el-acto-central-del-dia-internacional-de-la-mujer","status":"publish","type":"post","link":"https:\/\/www.casariche.es\/?p=15711","title":{"rendered":"Nuestro municipio acoge ma\u00f1ana 9 de Marzo el Acto Central del D\u00eda Internacional de la Mujer"},"content":{"rendered":"<p style=\"text-align: justify;\">Hoy mi\u00e9rcoles 8 de Marzo se celebra el D\u00eda Internacional de la Mujer, y desde el Ayuntamiento de Casariche est\u00e1 en marcha la Campa\u00f1a Institucional de este a\u00f1o, que contempla actos de sensibilizaci\u00f3n y formaci\u00f3n en materia de igualdad de diversa \u00edndole<\/p>\n<p style=\"text-align: justify;\">En esta ocasi\u00f3n el Acto Central de la misma se celebrar\u00e1 ma\u00f1ana jueves en el Teatro Municipal a partir de las cinco de la tarde e incluir\u00e1 la lectura del\u00a0Manifiesto, la Charla \u201c COMO SER MUJER Y NO MORIR EN EL INTENTO\u201c a cargo de Gema L\u00f3pez (Psic\u00f3loga) , la puesta en escena de la obra de Teatro \u201cEs igual da igual\u201d de la Asociaci\u00f3n de Mujeres Profesionales con perspectiva de G\u00e9nero \u201cF\u00e9minis\u201d y se cerrada con una merienda de convivencia.<\/p>\n<p style=\"text-align: justify;\"><a href=\"https:\/\/drive.google.com\/open?id=0BygbtnNv9PSnNnJaS0tVbW9EdU0\">Consultar Programa Actividades 8 Marzo D\u00eda Internacional Mujer 2017<\/a><\/p>\n<p style=\"text-align: justify;\"><a href=\"https:\/\/drive.google.com\/open?id=0BygbtnNv9PSnOHpQcy0zWGlLX0U\">Consultar Cartel Informativo Acto Central 9 Marzo<\/a><\/p>\n<p style=\"text-align: justify;\"><img loading=\"lazy\" decoding=\"async\" class=\"aligncenter size-full wp-image-15674\" src=\"http:\/\/www.casariche.es\/wp-content\/uploads\/2017\/03\/8m17.jpg\" alt=\"\" width=\"480\" height=\"260\" srcset=\"https:\/\/www.casariche.es\/wp-content\/uploads\/2017\/03\/8m17.jpg 480w, https:\/\/www.casariche.es\/wp-content\/uploads\/2017\/03\/8m17-300x163.jpg 300w\" sizes=\"auto, (max-width: 480px) 100vw, 480px\" \/><\/p>\n","protected":false},"excerpt":{"rendered":"<p>Hoy mi\u00e9rcoles 8 de Marzo se celebra el D\u00eda Internacional de la Mujer, y desde el Ayuntamiento de Casariche est\u00e1 en marcha la Campa\u00f1a Institucional<\/p>\n","protected":false},"author":2,"featured_media":15713,"comment_status":"closed","ping_status":"closed","sticky":false,"template":"","format":"standard","meta":{"footnotes":""},"categories":[1,6],"tags":[1745,269,573,301],"class_list":["post-15711","post","type-post","status-publish","format-standard","has-post-thumbnail","hentry","category-sin-categoria","category-bienestar-social","tag-8-marzo","tag-dia","tag-internacional","tag-mujer"],"_links":{"self":[{"href":"https:\/\/www.casariche.es\/index.php?rest_route=\/wp\/v2\/posts\/15711","targetHints":{"allow":["GET"]}}],"collection":[{"href":"https:\/\/www.casariche.es\/index.php?rest_route=\/wp\/v2\/posts"}],"about":[{"href":"https:\/\/www.casariche.es\/index.php?rest_route=\/wp\/v2\/types\/post"}],"author":[{"embeddable":true,"href":"https:\/\/www.casariche.es\/index.php?rest_route=\/wp\/v2\/users\/2"}],"replies":[{"embeddable":true,"href":"https:\/\/www.casariche.es\/index.php?rest_route=%2Fwp%2Fv2%2Fcomments&post=15711"}],"version-history":[{"count":4,"href":"https:\/\/www.casariche.es\/index.php?rest_route=\/wp\/v2\/posts\/15711\/revisions"}],"predecessor-version":[{"id":15720,"href":"https:\/\/www.casariche.es\/index.php?rest_route=\/wp\/v2\/posts\/15711\/revisions\/15720"}],"wp:featuredmedia":[{"embeddable":true,"href":"https:\/\/www.casariche.es\/index.php?rest_route=\/wp\/v2\/media\/15713"}],"wp:attachment":[{"href":"https:\/\/www.casariche.es\/index.php?rest_route=%2Fwp%2Fv2%2Fmedia&parent=15711"}],"wp:term":[{"taxonomy":"category","embeddable":true,"href":"https:\/\/www.casariche.es\/index.php?rest_route=%2Fwp%2Fv2%2Fcategories&post=15711"},{"taxonomy":"post_tag","embeddable":true,"href":"https:\/\/www.casariche.es\/index.php?rest_route=%2Fwp%2Fv2%2Ftags&post=15711"}],"curies":[{"name":"wp","href":"https:\/\/api.w.org\/{rel}","templated":true}]}}