{"id":12694,"date":"2016-03-14T10:46:52","date_gmt":"2016-03-14T08:16:52","guid":{"rendered":"http:\/\/www.casariche.es\/?p=12694"},"modified":"2016-03-14T14:47:02","modified_gmt":"2016-03-14T12:17:02","slug":"nuestrs-nins-se-conciencian-en-el-respeto-por-la-tierra-y-los-seres-vivos","status":"publish","type":"post","link":"https:\/\/www.casariche.es\/?p=12694","title":{"rendered":"Nuestr@s ni\u00f1@s se conciencian en el respeto por la Tierra y los seres vivos"},"content":{"rendered":"<p style=\"text-align: justify;\">En la ma\u00f1ana del s\u00e1bado 12 de Marzo se celebraron en Casariche las I JORNADAS MEDIOAMBIENTALES PARA NI\u00d1@S de 3\u00ba de Primaria; unas jornadas educativas y de sensibilizaci\u00f3n hacia el respeto y amor por la Tierra y los seres vivos, orientadas a crear conciencia de la responsabilidad que todos tenemos en proteger y cuidar nuestro Planeta.<\/p>\n<p style=\"text-align: justify;\">El resultado fue una ma\u00f1ana fant\u00e1stica en la que nuestr@s ni\u00f1@s tomaron parte en juegos en el Parque de las Vi\u00f1uelas, un taller de construcci\u00f3n de comederos de p\u00e1jaros, una actividad de pintura colectiva y \u00a0un taller de elaboraci\u00f3n de un peque\u00f1o jard\u00edn. \u00a0Todo ello conducido por Gema Valderrama,\u00a0T\u00e9cnica del Consorcio de Medio Ambiente Estepa Sierra Sur, con la colaboraci\u00f3n de las ADJs del Ayuntamiento de Casariche, Fuensanta Gamero y Roc\u00edo Mart\u00edn.<\/p>\n<p style=\"text-align: justify;\">Cabe recordar que esta interesante actividad ha sido organizada por las Delegaciones de Juventud y Medio Ambiente del Ayuntamiento de Casariche.<\/p>\n<p style=\"text-align: justify;\"><img loading=\"lazy\" decoding=\"async\" class=\"aligncenter size-full wp-image-12697\" src=\"http:\/\/www.casariche.es\/wp-content\/uploads\/2016\/03\/AMBIENT5.jpg\" alt=\"AMBIENT5\" width=\"480\" height=\"360\" srcset=\"https:\/\/www.casariche.es\/wp-content\/uploads\/2016\/03\/AMBIENT5.jpg 480w, https:\/\/www.casariche.es\/wp-content\/uploads\/2016\/03\/AMBIENT5-300x225.jpg 300w\" sizes=\"auto, (max-width: 480px) 100vw, 480px\" \/><\/p>\n<p style=\"text-align: justify;\"><img loading=\"lazy\" decoding=\"async\" class=\"aligncenter size-full wp-image-12698\" src=\"http:\/\/www.casariche.es\/wp-content\/uploads\/2016\/03\/AMBIENT4.jpg\" alt=\"AMBIENT4\" width=\"480\" height=\"360\" srcset=\"https:\/\/www.casariche.es\/wp-content\/uploads\/2016\/03\/AMBIENT4.jpg 480w, https:\/\/www.casariche.es\/wp-content\/uploads\/2016\/03\/AMBIENT4-300x225.jpg 300w\" sizes=\"auto, (max-width: 480px) 100vw, 480px\" \/><\/p>\n<p style=\"text-align: justify;\"><img loading=\"lazy\" decoding=\"async\" class=\"aligncenter size-full wp-image-12699\" src=\"http:\/\/www.casariche.es\/wp-content\/uploads\/2016\/03\/AMBIENT1.jpg\" alt=\"AMBIENT1\" width=\"480\" height=\"360\" srcset=\"https:\/\/www.casariche.es\/wp-content\/uploads\/2016\/03\/AMBIENT1.jpg 480w, https:\/\/www.casariche.es\/wp-content\/uploads\/2016\/03\/AMBIENT1-300x225.jpg 300w\" sizes=\"auto, (max-width: 480px) 100vw, 480px\" \/><\/p>\n<p style=\"text-align: justify;\"><img loading=\"lazy\" decoding=\"async\" class=\"aligncenter size-full wp-image-12700\" src=\"http:\/\/www.casariche.es\/wp-content\/uploads\/2016\/03\/AMBIENT2.jpg\" alt=\"AMBIENT2\" width=\"480\" height=\"360\" srcset=\"https:\/\/www.casariche.es\/wp-content\/uploads\/2016\/03\/AMBIENT2.jpg 480w, https:\/\/www.casariche.es\/wp-content\/uploads\/2016\/03\/AMBIENT2-300x225.jpg 300w\" sizes=\"auto, (max-width: 480px) 100vw, 480px\" \/><\/p>\n","protected":false},"excerpt":{"rendered":"<p>En la ma\u00f1ana del s\u00e1bado 12 de Marzo se celebraron en Casariche las I JORNADAS MEDIOAMBIENTALES PARA NI\u00d1@S de 3\u00ba de Primaria; unas jornadas educativas<\/p>\n","protected":false},"author":2,"featured_media":12696,"comment_status":"closed","ping_status":"closed","sticky":false,"template":"","format":"standard","meta":{"footnotes":""},"categories":[1,22,20],"tags":[360,55,1387,1388,1389,696],"class_list":["post-12694","post","type-post","status-publish","format-standard","has-post-thumbnail","hentry","category-sin-categoria","category-juventud","category-medio-ambiente","tag-amor","tag-jornadas","tag-medioambientales","tag-respeto","tag-seres-vivos","tag-tierra"],"_links":{"self":[{"href":"https:\/\/www.casariche.es\/index.php?rest_route=\/wp\/v2\/posts\/12694","targetHints":{"allow":["GET"]}}],"collection":[{"href":"https:\/\/www.casariche.es\/index.php?rest_route=\/wp\/v2\/posts"}],"about":[{"href":"https:\/\/www.casariche.es\/index.php?rest_route=\/wp\/v2\/types\/post"}],"author":[{"embeddable":true,"href":"https:\/\/www.casariche.es\/index.php?rest_route=\/wp\/v2\/users\/2"}],"replies":[{"embeddable":true,"href":"https:\/\/www.casariche.es\/index.php?rest_route=%2Fwp%2Fv2%2Fcomments&post=12694"}],"version-history":[{"count":2,"href":"https:\/\/www.casariche.es\/index.php?rest_route=\/wp\/v2\/posts\/12694\/revisions"}],"predecessor-version":[{"id":12701,"href":"https:\/\/www.casariche.es\/index.php?rest_route=\/wp\/v2\/posts\/12694\/revisions\/12701"}],"wp:featuredmedia":[{"embeddable":true,"href":"https:\/\/www.casariche.es\/index.php?rest_route=\/wp\/v2\/media\/12696"}],"wp:attachment":[{"href":"https:\/\/www.casariche.es\/index.php?rest_route=%2Fwp%2Fv2%2Fmedia&parent=12694"}],"wp:term":[{"taxonomy":"category","embeddable":true,"href":"https:\/\/www.casariche.es\/index.php?rest_route=%2Fwp%2Fv2%2Fcategories&post=12694"},{"taxonomy":"post_tag","embeddable":true,"href":"https:\/\/www.casariche.es\/index.php?rest_route=%2Fwp%2Fv2%2Ftags&post=12694"}],"curies":[{"name":"wp","href":"https:\/\/api.w.org\/{rel}","templated":true}]}}