{"id":12659,"date":"2016-03-09T14:30:36","date_gmt":"2016-03-09T12:00:36","guid":{"rendered":"http:\/\/www.casariche.es\/?p=12659"},"modified":"2016-03-09T14:32:16","modified_gmt":"2016-03-09T12:02:16","slug":"una-ponencia-y-una-obra-de-teatro-protagonizaron-el-acto-central-del-dia-de-la-mujer-en-casariche","status":"publish","type":"post","link":"https:\/\/www.casariche.es\/?p=12659","title":{"rendered":"Una ponencia y una obra de teatro protagonizaron el Acto Central del D\u00eda de la Mujer en Casariche"},"content":{"rendered":"<div><\/div>\n<div style=\"text-align: justify;\">El Teatro Municipal acogi\u00f3 ayer martes 8 de Marzo, a partir de las cinco de la tarde, el Acto Central de la Campa\u00f1a Institucional del D\u00eda Internacional de la Mujer 2016, que se inici\u00f3 con la tradicional lectura del manifiesto reivindicando la importancia de seguir trabajando por una sociedad igualitaria en las que cada individuo sea valorado como persona, sin distinciones de g\u00e9nero. Fue el Alcalde de Casariche, Basilio Carri\u00f3n, quien dio lectura al mismo, estando acompa\u00f1ado por la Concejala de Igualdad de nuestro Ayuntamiento, M\u00aa de los Santos Parrado.<\/div>\n<div style=\"text-align: justify;\"><\/div>\n<div style=\"text-align: justify;\">Despu\u00e9s, la Presidenta de la Asociaci\u00f3n de Mujeres \u00abSirena\u00bb ley\u00f3 unos textos dedicados a las mujeres Titulados \u00abMujeres\u00bb y Mujer No te Detengas\u00bb.<\/div>\n<div style=\"text-align: justify;\"><\/div>\n<div style=\"text-align: justify;\">A continuaci\u00f3n, se entregaron unos obsequios a las tres mujeres (Amalia Mar\u00edn,Josefa Pozo y M\u00aa Jos\u00e9 \u00c1lvarez) que hacen posible cada a\u00f1o con su colaboraci\u00f3n la merienda de convivencia.<\/div>\n<div style=\"text-align: justify;\"><\/div>\n<div style=\"text-align: justify;\">Seguidamente, la psic\u00f3loga Isabel S\u00e1nchez ofreci\u00f3 la ponencia \u201cNuevas Masculinidades y Nuevas Feminidades: Hacia una sociedad igualitaria\u201d, que abord\u00f3 la necesidad de desterrar de una vez por todas las formas tradicionales de construir las masculinidades y las feminidades, dado que est\u00e1n asociadas a estereotipos centrados en el binomio sexo\/g\u00e9nero, por lo que reproducen constantemente la desigualdad.<\/div>\n<div style=\"text-align: justify;\"><\/div>\n<div style=\"text-align: justify;\">Al t\u00e9rmino de la misma, la Compa\u00f1ia Salamandra, especializada en teatro social y con enfoque de g\u00e9nero puso en escena su obra \u00abAmor\u00bb.<\/div>\n<div style=\"text-align: justify;\"><\/div>\n<div style=\"text-align: justify;\">La tarde concluy\u00f3 con una merienda de convivencia.<\/div>\n<div style=\"text-align: justify;\"><\/div>\n<div style=\"text-align: justify;\"><img loading=\"lazy\" decoding=\"async\" class=\"aligncenter size-full wp-image-12662\" src=\"http:\/\/www.casariche.es\/wp-content\/uploads\/2016\/03\/mujer-c1.jpg\" alt=\"mujer-c1\" width=\"480\" height=\"394\" srcset=\"https:\/\/www.casariche.es\/wp-content\/uploads\/2016\/03\/mujer-c1.jpg 480w, https:\/\/www.casariche.es\/wp-content\/uploads\/2016\/03\/mujer-c1-300x246.jpg 300w\" sizes=\"auto, (max-width: 480px) 100vw, 480px\" \/><\/div>\n<div style=\"text-align: justify;\"><\/div>\n<div style=\"text-align: justify;\"><img loading=\"lazy\" decoding=\"async\" class=\"aligncenter size-full wp-image-12661\" src=\"http:\/\/www.casariche.es\/wp-content\/uploads\/2016\/03\/mujer-c2.jpg\" alt=\"mujer-c2\" width=\"480\" height=\"403\" srcset=\"https:\/\/www.casariche.es\/wp-content\/uploads\/2016\/03\/mujer-c2.jpg 480w, https:\/\/www.casariche.es\/wp-content\/uploads\/2016\/03\/mujer-c2-300x252.jpg 300w\" sizes=\"auto, (max-width: 480px) 100vw, 480px\" \/><\/div>\n<div style=\"text-align: justify;\"><\/div>\n<div style=\"text-align: justify;\"><img loading=\"lazy\" decoding=\"async\" class=\"aligncenter size-full wp-image-12663\" src=\"http:\/\/www.casariche.es\/wp-content\/uploads\/2016\/03\/mujer-c3.jpg\" alt=\"mujer-c3\" width=\"480\" height=\"360\" srcset=\"https:\/\/www.casariche.es\/wp-content\/uploads\/2016\/03\/mujer-c3.jpg 480w, https:\/\/www.casariche.es\/wp-content\/uploads\/2016\/03\/mujer-c3-300x225.jpg 300w\" sizes=\"auto, (max-width: 480px) 100vw, 480px\" \/><\/div>\n","protected":false},"excerpt":{"rendered":"<p>El Teatro Municipal acogi\u00f3 ayer martes 8 de Marzo, a partir de las cinco de la tarde, el Acto Central de la Campa\u00f1a Institucional del<\/p>\n","protected":false},"author":2,"featured_media":12663,"comment_status":"closed","ping_status":"closed","sticky":false,"template":"","format":"standard","meta":{"footnotes":""},"categories":[1,6],"tags":[475,476,269,573,301],"class_list":["post-12659","post","type-post","status-publish","format-standard","has-post-thumbnail","hentry","category-sin-categoria","category-bienestar-social","tag-acto","tag-central","tag-dia","tag-internacional","tag-mujer"],"_links":{"self":[{"href":"https:\/\/www.casariche.es\/index.php?rest_route=\/wp\/v2\/posts\/12659","targetHints":{"allow":["GET"]}}],"collection":[{"href":"https:\/\/www.casariche.es\/index.php?rest_route=\/wp\/v2\/posts"}],"about":[{"href":"https:\/\/www.casariche.es\/index.php?rest_route=\/wp\/v2\/types\/post"}],"author":[{"embeddable":true,"href":"https:\/\/www.casariche.es\/index.php?rest_route=\/wp\/v2\/users\/2"}],"replies":[{"embeddable":true,"href":"https:\/\/www.casariche.es\/index.php?rest_route=%2Fwp%2Fv2%2Fcomments&post=12659"}],"version-history":[{"count":3,"href":"https:\/\/www.casariche.es\/index.php?rest_route=\/wp\/v2\/posts\/12659\/revisions"}],"predecessor-version":[{"id":12665,"href":"https:\/\/www.casariche.es\/index.php?rest_route=\/wp\/v2\/posts\/12659\/revisions\/12665"}],"wp:featuredmedia":[{"embeddable":true,"href":"https:\/\/www.casariche.es\/index.php?rest_route=\/wp\/v2\/media\/12663"}],"wp:attachment":[{"href":"https:\/\/www.casariche.es\/index.php?rest_route=%2Fwp%2Fv2%2Fmedia&parent=12659"}],"wp:term":[{"taxonomy":"category","embeddable":true,"href":"https:\/\/www.casariche.es\/index.php?rest_route=%2Fwp%2Fv2%2Fcategories&post=12659"},{"taxonomy":"post_tag","embeddable":true,"href":"https:\/\/www.casariche.es\/index.php?rest_route=%2Fwp%2Fv2%2Ftags&post=12659"}],"curies":[{"name":"wp","href":"https:\/\/api.w.org\/{rel}","templated":true}]}}