{"id":12651,"date":"2016-03-07T13:05:01","date_gmt":"2016-03-07T10:35:01","guid":{"rendered":"http:\/\/www.casariche.es\/?p=12651"},"modified":"2016-03-07T14:32:52","modified_gmt":"2016-03-07T12:02:52","slug":"manana-se-celebra-el-acto-central-dia-internacional-de-la-mujer-2016","status":"publish","type":"post","link":"https:\/\/www.casariche.es\/?p=12651","title":{"rendered":"Ma\u00f1ana se celebra el Acto Central \u00abD\u00eda Internacional de la Mujer 2016\u00bb"},"content":{"rendered":"<p style=\"text-align: justify;\">El <strong>Teatro Municipal<\/strong> de Casariche acoger\u00e1 ma\u00f1ana <strong>martes 8 de Marzo, a partir de las cinco de la tarde, el Acto Central de la Campa\u00f1a Institucional del D\u00eda Internacional de la Mujer 2016<\/strong>. \u00a0Adem\u00e1s de la tradicional lectura del <strong>manifiesto<\/strong>, se ofrecer\u00e1 la <strong>ponencia<\/strong> \u00abNuevas Masculinidades y Nuevas Femenidades: Hacia una sociedad igualitaria\u00bb a cargo de la psic\u00f3loga Isabel S\u00e1nchez, y se representar\u00e1 la<strong> obra<\/strong>\u00a0<strong>de teatro\u00a0<\/strong>\u00abAMOR\u00bb por parte de la Compa\u00f1\u00eda Salamandra.<\/p>\n<p style=\"text-align: justify;\">El acto concluir\u00e1 con una merienda.<\/p>\n<p style=\"text-align: justify;\">Puedes consultar <a href=\"http:\/\/www.casariche.es\/wp-content\/uploads\/2016\/03\/CARTEL-8-MARZO-16-MUJER.pdf\" rel=\"\">aqu\u00ed<\/a>\u00a0todo el programa de actividades que contempla la Campa\u00f1a 2016.<\/p>\n<p style=\"text-align: justify;\"><img loading=\"lazy\" decoding=\"async\" class=\"aligncenter size-full wp-image-12615\" src=\"http:\/\/www.casariche.es\/wp-content\/uploads\/2016\/03\/mujer2016.jpg\" alt=\"mujer2016\" width=\"480\" height=\"260\" srcset=\"https:\/\/www.casariche.es\/wp-content\/uploads\/2016\/03\/mujer2016.jpg 480w, https:\/\/www.casariche.es\/wp-content\/uploads\/2016\/03\/mujer2016-300x163.jpg 300w\" sizes=\"auto, (max-width: 480px) 100vw, 480px\" \/><\/p>\n","protected":false},"excerpt":{"rendered":"<p>El Teatro Municipal de Casariche acoger\u00e1 ma\u00f1ana martes 8 de Marzo, a partir de las cinco de la tarde, el Acto Central de la Campa\u00f1a<\/p>\n","protected":false},"author":2,"featured_media":12615,"comment_status":"closed","ping_status":"closed","sticky":false,"template":"","format":"standard","meta":{"footnotes":""},"categories":[1,6],"tags":[475,35,476,269,301],"class_list":["post-12651","post","type-post","status-publish","format-standard","has-post-thumbnail","hentry","category-sin-categoria","category-bienestar-social","tag-acto","tag-campana","tag-central","tag-dia","tag-mujer"],"_links":{"self":[{"href":"https:\/\/www.casariche.es\/index.php?rest_route=\/wp\/v2\/posts\/12651","targetHints":{"allow":["GET"]}}],"collection":[{"href":"https:\/\/www.casariche.es\/index.php?rest_route=\/wp\/v2\/posts"}],"about":[{"href":"https:\/\/www.casariche.es\/index.php?rest_route=\/wp\/v2\/types\/post"}],"author":[{"embeddable":true,"href":"https:\/\/www.casariche.es\/index.php?rest_route=\/wp\/v2\/users\/2"}],"replies":[{"embeddable":true,"href":"https:\/\/www.casariche.es\/index.php?rest_route=%2Fwp%2Fv2%2Fcomments&post=12651"}],"version-history":[{"count":1,"href":"https:\/\/www.casariche.es\/index.php?rest_route=\/wp\/v2\/posts\/12651\/revisions"}],"predecessor-version":[{"id":12652,"href":"https:\/\/www.casariche.es\/index.php?rest_route=\/wp\/v2\/posts\/12651\/revisions\/12652"}],"wp:featuredmedia":[{"embeddable":true,"href":"https:\/\/www.casariche.es\/index.php?rest_route=\/wp\/v2\/media\/12615"}],"wp:attachment":[{"href":"https:\/\/www.casariche.es\/index.php?rest_route=%2Fwp%2Fv2%2Fmedia&parent=12651"}],"wp:term":[{"taxonomy":"category","embeddable":true,"href":"https:\/\/www.casariche.es\/index.php?rest_route=%2Fwp%2Fv2%2Fcategories&post=12651"},{"taxonomy":"post_tag","embeddable":true,"href":"https:\/\/www.casariche.es\/index.php?rest_route=%2Fwp%2Fv2%2Ftags&post=12651"}],"curies":[{"name":"wp","href":"https:\/\/api.w.org\/{rel}","templated":true}]}}