{"id":1236,"date":"2012-11-26T19:14:10","date_gmt":"2012-11-26T16:44:10","guid":{"rendered":"http:\/\/www.casariche.es\/?p=1236"},"modified":"2012-11-29T14:11:38","modified_gmt":"2012-11-29T11:41:38","slug":"celebrado-el-acto-central-contra-la-violencia-hacia-las-mujeres-2012","status":"publish","type":"post","link":"https:\/\/www.casariche.es\/?p=1236","title":{"rendered":"Celebrado el acto central contra la Violencia hacia las Mujeres 2012"},"content":{"rendered":"<p>Casariche acogi\u00f3 en la tarde de ayer domingo 25 de Noviembre la celebraci\u00f3n del Acto Central contra la Violencia hacia las Mujeres 2012, que se inici\u00f3 con una marcha a pie desde la Plaza del Ayuntamiento hasta el Teatro Municipal, donde se llev\u00f3 a cabo el acto en s\u00ed, que fue presentado por el Alcalde de Casariche, Basilio Carri\u00f3n, quien cedi\u00f3 posteriormente la palabra a la Concejala de Igualdad, M\u00aa de los Santos Parrado, que fue la encargada de dar lectura al manifiesto condenando la violencia de g\u00e9nero y abogando por seguir trabajando desde las instituciones p\u00fablicas por una igualdad real entre las personas, con lo que se lograr\u00e1 erradicar de una vez por todas este mal de nuestra sociedad. Tambi\u00e9n aqu\u00ed se llev\u00f3 a cabo un reparto de lazos conmemorativos.<\/p>\n<p>El acto continu\u00f3 con una Charla Testimonial que incluy\u00f3 experiencias en positivo de mujeres que han sido v\u00edctimas de violencia de g\u00e9nero, titulada de \u201cDe V\u00edctimas a Supervivientes: Nuevas Agentes del Cambio\u201d, a cargo de la Fundaci\u00f3n Ana Bella de Sevilla, e incluida a su vez en el programa de actividades 2012 de la Asociaci\u00f3n de Mujeres Sirena a trav\u00e9s de una subvenci\u00f3n de la Diputaci\u00f3n Provincial de Sevilla. Durante la misma, las ponentes adem\u00e1s de exponer su propia experiencia para demostrar c\u00f3mo de la violencia es posible salir, informaron al p\u00fablico asistente la trayectoria de la Fundaci\u00f3n Ana Bella, los motivos por los que se cre\u00f3 y los servicios que presta.<\/p>\n<p>Seguidamente, se escenific\u00f3 un mon\u00f3logo titulado \u201cMujer Sola\u201d, a cargo de Chari Lara, de la Compa\u00f1\u00eda Sevillana Olor a Tablas, que mostr\u00f3 la cruda realidad de una mujer v\u00edctima de maltrato dentro del hogar, \u201cque vive asustada y encerrada y que se refugia muchas veces en la bebida para olvidar una vida dedicada a cuidar de los dem\u00e1s: su marido, un hermano de su marido, su hijo, etc., y en la que el mantener relaciones sexuales con su marido es una obligaci\u00f3n, sin que importen para nada sus sentimientos o su opini\u00f3n.<\/p>\n<p>El acto, que cont\u00f3 con la colaboraci\u00f3n de la Asociaci\u00f3n de Mujeres Sirena, concluy\u00f3 con una merienda que sirvi\u00f3 de momento de encuentro e intercambio de ideas entre las personas asistentes. Todas estas actividades de la Semana Contra la Violencia hacia las Mujeres se incluyen adem\u00e1s en el Convenio PIM 2012.<\/p>\n<p><a href=\"http:\/\/www.casariche.es\/wp-content\/uploads\/2012\/11\/manifiesto-contra-violencia-genero-25-11-2012.pdf\">Manifiesto contra violencia genero &#8211; 25-11-2012<\/a><\/p>\n<p>&nbsp;<\/p>\n<p><a href=\"http:\/\/www.casariche.es\/wp-content\/uploads\/2012\/11\/macha-noviol1.jpg\"><img loading=\"lazy\" decoding=\"async\" class=\"alignleft size-full wp-image-1260\" title=\"macha-noviol\" src=\"http:\/\/www.casariche.es\/wp-content\/uploads\/2012\/11\/macha-noviol1.jpg\" alt=\"\" width=\"480\" height=\"260\" srcset=\"https:\/\/www.casariche.es\/wp-content\/uploads\/2012\/11\/macha-noviol1.jpg 480w, https:\/\/www.casariche.es\/wp-content\/uploads\/2012\/11\/macha-noviol1-300x162.jpg 300w\" sizes=\"auto, (max-width: 480px) 100vw, 480px\" \/><\/a><\/p>\n<p>&nbsp;<\/p>\n<p><a href=\"http:\/\/www.casariche.es\/wp-content\/uploads\/2012\/11\/actoviolencia21.jpg\"><img loading=\"lazy\" decoding=\"async\" class=\"alignleft size-full wp-image-1238\" title=\"actoviolencia2\" src=\"http:\/\/www.casariche.es\/wp-content\/uploads\/2012\/11\/actoviolencia21.jpg\" alt=\"\" width=\"480\" height=\"260\" srcset=\"https:\/\/www.casariche.es\/wp-content\/uploads\/2012\/11\/actoviolencia21.jpg 480w, https:\/\/www.casariche.es\/wp-content\/uploads\/2012\/11\/actoviolencia21-300x162.jpg 300w\" sizes=\"auto, (max-width: 480px) 100vw, 480px\" \/><\/a><\/p>\n<div><\/div>\n<div><\/div>\n<div><\/div>\n<div><\/div>\n<div><\/div>\n<div><\/div>\n<div><\/div>\n<div><\/div>\n<div><\/div>\n<div><\/div>\n<div><\/div>\n<div><\/div>\n<div><\/div>\n<div><\/div>\n<div><\/div>\n<div><\/div>\n<div><\/div>\n<div><\/div>\n<div><\/div>\n<div><\/div>\n<div><\/div>\n<div><\/div>\n<div><\/div>\n<div><a href=\"http:\/\/www.casariche.es\/wp-content\/uploads\/2012\/11\/teatro-noviol2.jpg\"><img loading=\"lazy\" decoding=\"async\" class=\"alignleft size-full wp-image-1271\" title=\"teatro-noviol\" src=\"http:\/\/www.casariche.es\/wp-content\/uploads\/2012\/11\/teatro-noviol2.jpg\" alt=\"\" width=\"480\" height=\"260\" srcset=\"https:\/\/www.casariche.es\/wp-content\/uploads\/2012\/11\/teatro-noviol2.jpg 480w, https:\/\/www.casariche.es\/wp-content\/uploads\/2012\/11\/teatro-noviol2-300x162.jpg 300w\" sizes=\"auto, (max-width: 480px) 100vw, 480px\" \/><\/a><\/div>\n<div><\/div>\n<div><\/div>\n<div><\/div>\n<div><\/div>\n<div><\/div>\n<div><\/div>\n","protected":false},"excerpt":{"rendered":"<p>Casariche acogi\u00f3 en la tarde de ayer domingo 25 de Noviembre la celebraci\u00f3n del Acto Central contra la Violencia hacia las Mujeres 2012, que se<\/p>\n","protected":false},"author":2,"featured_media":1266,"comment_status":"closed","ping_status":"open","sticky":false,"template":"","format":"standard","meta":{"footnotes":""},"categories":[1,6],"tags":[253,218,252],"class_list":["post-1236","post","type-post","status-publish","format-standard","has-post-thumbnail","hentry","category-sin-categoria","category-bienestar-social","tag-marcha","tag-teatro","tag-testimonial"],"_links":{"self":[{"href":"https:\/\/www.casariche.es\/index.php?rest_route=\/wp\/v2\/posts\/1236","targetHints":{"allow":["GET"]}}],"collection":[{"href":"https:\/\/www.casariche.es\/index.php?rest_route=\/wp\/v2\/posts"}],"about":[{"href":"https:\/\/www.casariche.es\/index.php?rest_route=\/wp\/v2\/types\/post"}],"author":[{"embeddable":true,"href":"https:\/\/www.casariche.es\/index.php?rest_route=\/wp\/v2\/users\/2"}],"replies":[{"embeddable":true,"href":"https:\/\/www.casariche.es\/index.php?rest_route=%2Fwp%2Fv2%2Fcomments&post=1236"}],"version-history":[{"count":10,"href":"https:\/\/www.casariche.es\/index.php?rest_route=\/wp\/v2\/posts\/1236\/revisions"}],"predecessor-version":[{"id":1289,"href":"https:\/\/www.casariche.es\/index.php?rest_route=\/wp\/v2\/posts\/1236\/revisions\/1289"}],"wp:featuredmedia":[{"embeddable":true,"href":"https:\/\/www.casariche.es\/index.php?rest_route=\/wp\/v2\/media\/1266"}],"wp:attachment":[{"href":"https:\/\/www.casariche.es\/index.php?rest_route=%2Fwp%2Fv2%2Fmedia&parent=1236"}],"wp:term":[{"taxonomy":"category","embeddable":true,"href":"https:\/\/www.casariche.es\/index.php?rest_route=%2Fwp%2Fv2%2Fcategories&post=1236"},{"taxonomy":"post_tag","embeddable":true,"href":"https:\/\/www.casariche.es\/index.php?rest_route=%2Fwp%2Fv2%2Ftags&post=1236"}],"curies":[{"name":"wp","href":"https:\/\/api.w.org\/{rel}","templated":true}]}}