{"id":1227,"date":"2012-11-26T18:42:31","date_gmt":"2012-11-26T16:12:31","guid":{"rendered":"http:\/\/www.casariche.es\/?p=1227"},"modified":"2012-11-28T13:28:17","modified_gmt":"2012-11-28T10:58:17","slug":"sesenta-casarichenosas-visitaron-la-vii-feria-provincial-de-mujeres-empresarias-2012","status":"publish","type":"post","link":"https:\/\/www.casariche.es\/?p=1227","title":{"rendered":"Sesenta casariche\u00f1os\/as visitaron la VII Feria Provincial de Mujeres Empresarias 2012"},"content":{"rendered":"<p>Sesenta casariche\u00f1os\/as, en su mayor\u00eda mujeres, algunas de ellas representantes de la Asociaci\u00f3n de Mujeres Sirena, pero tambi\u00e9n algunos hombres, entre ellos, el Alcalde de Casariche, Basilio Carri\u00f3n, y los Concejales Juan Basilio Salazar y Francisco Javier Pozo, visitaron el viernes 23 de Noviembre por la tarde la VII Feria Provincial de Mujeres Empresarias 2012 (FEPME\u2019 2012), estando a su vez acompa\u00f1ados por las T\u00e9cnicas del PIM del Ayuntamiento de Casariche (Paqui Gir\u00e1ldez, T\u00e9cnica para la Igualdad, y Pilar Florido, Asesora Jur\u00eddica) y Aroa Carnerero, T\u00e9cnica de Desarrollo Local.<\/p>\n<p>El grupo tuvo oportunidad de dar una vuelta por todos los stands y la oferta que presentaban, en su gran mayor\u00eda de productos artesanos, tanto en textil como moda y complementos, calzado, ropa infantil, flamenca, o de alimentaci\u00f3n y nutrici\u00f3n, como quesos, embutidos, dulces, etc. Asimismo, hab\u00eda un stand de dom\u00f3tica.<\/p>\n<p>Durante la visita a los stands, pudieron realizar las consultas que consideraron oportunas a estas mujeres empresarias, en especial, a las dos casariche\u00f1as con presencia en esta muestra (\u00c1frica Jim\u00e9nez, con su empresa TOLDOS SOFI y M\u00aa Dolores de Calzados Cristina, casariche\u00f1a con la empresa ubicada en Lora de Estepa). Aunque inicialmente estaba previsto que otra casariche\u00f1a (Paqui Carnerero con su futura empresa PKP Publicidad \u201cAgencia de Marqueting y Publicidad on\/off line\u201d), participase en este evento, finalmente no pudo asistir.<\/p>\n<p>Esta ha sido la s\u00e9ptima edici\u00f3n de una Feria organizada por el \u00c1rea de Cohesi\u00f3n Social e Igualdad de la Diputaci\u00f3n de Sevilla, con el objeto de promocionar los productos y servicios de las mujeres empresarias de las provincia de Sevilla. Se ha celebrado del 23 al 25 de Noviembre.<\/p>\n<p><a href=\"http:\/\/www.casariche.es\/wp-content\/uploads\/2012\/11\/fepmeweb.jpg\"><img loading=\"lazy\" decoding=\"async\" class=\"alignleft size-full wp-image-1268\" title=\"fepmeweb\" src=\"http:\/\/www.casariche.es\/wp-content\/uploads\/2012\/11\/fepmeweb.jpg\" alt=\"\" width=\"480\" height=\"260\" srcset=\"https:\/\/www.casariche.es\/wp-content\/uploads\/2012\/11\/fepmeweb.jpg 480w, https:\/\/www.casariche.es\/wp-content\/uploads\/2012\/11\/fepmeweb-300x162.jpg 300w\" sizes=\"auto, (max-width: 480px) 100vw, 480px\" \/><\/a><\/p>\n<p>&nbsp;<\/p>\n<p><a href=\"http:\/\/www.casariche.es\/wp-content\/uploads\/2012\/11\/toldos.jpg\"><img loading=\"lazy\" decoding=\"async\" class=\"alignleft size-full wp-image-1229\" title=\"toldos\" src=\"http:\/\/www.casariche.es\/wp-content\/uploads\/2012\/11\/toldos.jpg\" alt=\"\" width=\"480\" height=\"260\" srcset=\"https:\/\/www.casariche.es\/wp-content\/uploads\/2012\/11\/toldos.jpg 480w, https:\/\/www.casariche.es\/wp-content\/uploads\/2012\/11\/toldos-300x162.jpg 300w\" sizes=\"auto, (max-width: 480px) 100vw, 480px\" \/><\/a><\/p>\n<p>&nbsp;<\/p>\n","protected":false},"excerpt":{"rendered":"<p>Sesenta casariche\u00f1os\/as, en su mayor\u00eda mujeres, algunas de ellas representantes de la Asociaci\u00f3n de Mujeres Sirena, pero tambi\u00e9n algunos hombres, entre ellos, el Alcalde de<\/p>\n","protected":false},"author":2,"featured_media":1269,"comment_status":"closed","ping_status":"open","sticky":false,"template":"","format":"standard","meta":{"footnotes":""},"categories":[4,1,6],"tags":[249,224,12],"class_list":["post-1227","post","type-post","status-publish","format-standard","has-post-thumbnail","hentry","category-desarrollo","category-sin-categoria","category-bienestar-social","tag-emprendedoras","tag-empresarias","tag-feria"],"_links":{"self":[{"href":"https:\/\/www.casariche.es\/index.php?rest_route=\/wp\/v2\/posts\/1227","targetHints":{"allow":["GET"]}}],"collection":[{"href":"https:\/\/www.casariche.es\/index.php?rest_route=\/wp\/v2\/posts"}],"about":[{"href":"https:\/\/www.casariche.es\/index.php?rest_route=\/wp\/v2\/types\/post"}],"author":[{"embeddable":true,"href":"https:\/\/www.casariche.es\/index.php?rest_route=\/wp\/v2\/users\/2"}],"replies":[{"embeddable":true,"href":"https:\/\/www.casariche.es\/index.php?rest_route=%2Fwp%2Fv2%2Fcomments&post=1227"}],"version-history":[{"count":3,"href":"https:\/\/www.casariche.es\/index.php?rest_route=\/wp\/v2\/posts\/1227\/revisions"}],"predecessor-version":[{"id":1270,"href":"https:\/\/www.casariche.es\/index.php?rest_route=\/wp\/v2\/posts\/1227\/revisions\/1270"}],"wp:featuredmedia":[{"embeddable":true,"href":"https:\/\/www.casariche.es\/index.php?rest_route=\/wp\/v2\/media\/1269"}],"wp:attachment":[{"href":"https:\/\/www.casariche.es\/index.php?rest_route=%2Fwp%2Fv2%2Fmedia&parent=1227"}],"wp:term":[{"taxonomy":"category","embeddable":true,"href":"https:\/\/www.casariche.es\/index.php?rest_route=%2Fwp%2Fv2%2Fcategories&post=1227"},{"taxonomy":"post_tag","embeddable":true,"href":"https:\/\/www.casariche.es\/index.php?rest_route=%2Fwp%2Fv2%2Ftags&post=1227"}],"curies":[{"name":"wp","href":"https:\/\/api.w.org\/{rel}","templated":true}]}}