{"id":1224,"date":"2012-11-26T18:17:29","date_gmt":"2012-11-26T15:47:29","guid":{"rendered":"http:\/\/www.casariche.es\/?p=1224"},"modified":"2012-11-26T18:17:29","modified_gmt":"2012-11-26T15:47:29","slug":"realizada-una-lectura-literaria-y-presentado-el-informe-diagnostico-de-casariche-en-materia-de-igualdad","status":"publish","type":"post","link":"https:\/\/www.casariche.es\/?p=1224","title":{"rendered":"Realizada una lectura literaria y presentado el Informe Diagn\u00f3stico de Casariche en materia de igualdad"},"content":{"rendered":"<p>El Teatro Municipal de Casariche acogi\u00f3 en la tarde del 22 de Noviembre, a las 16:00 horas, una Lectura Literaria en pro de la palabra y la Comunicaci\u00f3n no violenta, conducida por Carmen Valladolid, que result\u00f3 muy amena para el p\u00fablico asistente, que tuvo la oportunidad de adentrarse a trav\u00e9s de ella en mundos maravillosos donde la MUJER, las MUJERES, eran las protagonistas imprescindibles de la historia.<\/p>\n<p>A continuaci\u00f3n, se present\u00f3 oficialmente el Informe Diagn\u00f3stico de Casariche en materia de igualdad, que ha sido realizado por la empresa Intervenci\u00f3n Social y es un paso hacia adelante en pro de la implantaci\u00f3n del que ser\u00e1 el I Plan de Igualdad de Trato y Oportunidades entre Mujeres y Hombres de Casariche. Esta presentaci\u00f3n fue llevada a cabo por Ana Robles, T\u00e9cnica de Intervenci\u00f3n Social, quien explic\u00f3 con detalle al p\u00fablico asistente los aspectos de estudio que se hab\u00edan tenido en cuenta a la hora de realizar el diagn\u00f3stico, los colectivos que hab\u00edan participado en la realizaci\u00f3n del mismo, las encuestas llevadas a cabo, as\u00ed como los resultados de este diagn\u00f3stico previo, a partir del cual se crear\u00e1n las l\u00edneas de actuaci\u00f3n encaminadas a suplir las carencias en materia de igualdad que hayan podido observarse y que ser\u00e1n tenidas en cuenta en el I Plan de Igualdad de Casariche.<\/p>\n","protected":false},"excerpt":{"rendered":"<p>El Teatro Municipal de Casariche acogi\u00f3 en la tarde del 22 de Noviembre, a las 16:00 horas, una Lectura Literaria en pro de la palabra<\/p>\n","protected":false},"author":2,"featured_media":1225,"comment_status":"closed","ping_status":"open","sticky":false,"template":"","format":"standard","meta":{"footnotes":""},"categories":[7,1,6],"tags":[248,246,247],"class_list":["post-1224","post","type-post","status-publish","format-standard","has-post-thumbnail","hentry","category-cultura","category-sin-categoria","category-bienestar-social","tag-carmen-valladolid","tag-lectura","tag-literaria"],"_links":{"self":[{"href":"https:\/\/www.casariche.es\/index.php?rest_route=\/wp\/v2\/posts\/1224","targetHints":{"allow":["GET"]}}],"collection":[{"href":"https:\/\/www.casariche.es\/index.php?rest_route=\/wp\/v2\/posts"}],"about":[{"href":"https:\/\/www.casariche.es\/index.php?rest_route=\/wp\/v2\/types\/post"}],"author":[{"embeddable":true,"href":"https:\/\/www.casariche.es\/index.php?rest_route=\/wp\/v2\/users\/2"}],"replies":[{"embeddable":true,"href":"https:\/\/www.casariche.es\/index.php?rest_route=%2Fwp%2Fv2%2Fcomments&post=1224"}],"version-history":[{"count":1,"href":"https:\/\/www.casariche.es\/index.php?rest_route=\/wp\/v2\/posts\/1224\/revisions"}],"predecessor-version":[{"id":1226,"href":"https:\/\/www.casariche.es\/index.php?rest_route=\/wp\/v2\/posts\/1224\/revisions\/1226"}],"wp:featuredmedia":[{"embeddable":true,"href":"https:\/\/www.casariche.es\/index.php?rest_route=\/wp\/v2\/media\/1225"}],"wp:attachment":[{"href":"https:\/\/www.casariche.es\/index.php?rest_route=%2Fwp%2Fv2%2Fmedia&parent=1224"}],"wp:term":[{"taxonomy":"category","embeddable":true,"href":"https:\/\/www.casariche.es\/index.php?rest_route=%2Fwp%2Fv2%2Fcategories&post=1224"},{"taxonomy":"post_tag","embeddable":true,"href":"https:\/\/www.casariche.es\/index.php?rest_route=%2Fwp%2Fv2%2Ftags&post=1224"}],"curies":[{"name":"wp","href":"https:\/\/api.w.org\/{rel}","templated":true}]}}