{"id":12001,"date":"2015-12-23T20:24:36","date_gmt":"2015-12-23T17:54:36","guid":{"rendered":"http:\/\/www.casariche.es\/?p=12001"},"modified":"2015-12-23T21:41:31","modified_gmt":"2015-12-23T19:11:31","slug":"saca-tus-dotes-de-escritora-y-participa-en-el-concurso-literario-de-poesia-culturando-en-igualdad","status":"publish","type":"post","link":"https:\/\/www.casariche.es\/?p=12001","title":{"rendered":"\u00a1Saca tus dotes de escritor\/a y  participa en el Concurso Literario de Poes\u00eda \u00abCulturando en Igualdad\u00bb!"},"content":{"rendered":"<p style=\"text-align: justify;\">La Concejal\u00eda de Igualdad del Ayuntamiento de Casariche ha organizado un Concurso Literario de Poes\u00eda \u00abCulturando en Igualdad\u00bb, de \u00e1mbito local. El plazo de admisi\u00f3n de trabajos a concurso finaliza el d\u00eda 30 de\u00a0Diciembre a las 10:00 h.<\/p>\n<p style=\"text-align: justify;\">\u00a1AN\u00cdMATE Y PARTICIPA!.<\/p>\n<p><img loading=\"lazy\" decoding=\"async\" class=\"aligncenter size-full wp-image-12003\" src=\"http:\/\/www.casariche.es\/wp-content\/uploads\/2015\/12\/BASES1.jpg\" alt=\"BASES1\" width=\"480\" height=\"682\" srcset=\"https:\/\/www.casariche.es\/wp-content\/uploads\/2015\/12\/BASES1.jpg 480w, https:\/\/www.casariche.es\/wp-content\/uploads\/2015\/12\/BASES1-211x300.jpg 211w\" sizes=\"auto, (max-width: 480px) 100vw, 480px\" \/><\/p>\n<p>&nbsp;<\/p>\n<p><img loading=\"lazy\" decoding=\"async\" class=\"aligncenter size-full wp-image-12002\" src=\"http:\/\/www.casariche.es\/wp-content\/uploads\/2015\/12\/bases.jpg\" alt=\"bases\" width=\"480\" height=\"740\" srcset=\"https:\/\/www.casariche.es\/wp-content\/uploads\/2015\/12\/bases.jpg 480w, https:\/\/www.casariche.es\/wp-content\/uploads\/2015\/12\/bases-195x300.jpg 195w\" sizes=\"auto, (max-width: 480px) 100vw, 480px\" \/><\/p>\n<p>&nbsp;<\/p>\n","protected":false},"excerpt":{"rendered":"<p>La Concejal\u00eda de Igualdad del Ayuntamiento de Casariche ha organizado un Concurso Literario de Poes\u00eda \u00abCulturando en Igualdad\u00bb, de \u00e1mbito local. El plazo de admisi\u00f3n<\/p>\n","protected":false},"author":2,"featured_media":12006,"comment_status":"closed","ping_status":"closed","sticky":false,"template":"","format":"standard","meta":{"footnotes":""},"categories":[1],"tags":[148,230,901,627],"class_list":["post-12001","post","type-post","status-publish","format-standard","has-post-thumbnail","hentry","category-sin-categoria","tag-concurso","tag-igualdad","tag-literario","tag-poesia"],"_links":{"self":[{"href":"https:\/\/www.casariche.es\/index.php?rest_route=\/wp\/v2\/posts\/12001","targetHints":{"allow":["GET"]}}],"collection":[{"href":"https:\/\/www.casariche.es\/index.php?rest_route=\/wp\/v2\/posts"}],"about":[{"href":"https:\/\/www.casariche.es\/index.php?rest_route=\/wp\/v2\/types\/post"}],"author":[{"embeddable":true,"href":"https:\/\/www.casariche.es\/index.php?rest_route=\/wp\/v2\/users\/2"}],"replies":[{"embeddable":true,"href":"https:\/\/www.casariche.es\/index.php?rest_route=%2Fwp%2Fv2%2Fcomments&post=12001"}],"version-history":[{"count":4,"href":"https:\/\/www.casariche.es\/index.php?rest_route=\/wp\/v2\/posts\/12001\/revisions"}],"predecessor-version":[{"id":12008,"href":"https:\/\/www.casariche.es\/index.php?rest_route=\/wp\/v2\/posts\/12001\/revisions\/12008"}],"wp:featuredmedia":[{"embeddable":true,"href":"https:\/\/www.casariche.es\/index.php?rest_route=\/wp\/v2\/media\/12006"}],"wp:attachment":[{"href":"https:\/\/www.casariche.es\/index.php?rest_route=%2Fwp%2Fv2%2Fmedia&parent=12001"}],"wp:term":[{"taxonomy":"category","embeddable":true,"href":"https:\/\/www.casariche.es\/index.php?rest_route=%2Fwp%2Fv2%2Fcategories&post=12001"},{"taxonomy":"post_tag","embeddable":true,"href":"https:\/\/www.casariche.es\/index.php?rest_route=%2Fwp%2Fv2%2Ftags&post=12001"}],"curies":[{"name":"wp","href":"https:\/\/api.w.org\/{rel}","templated":true}]}}