{"id":11926,"date":"2015-12-16T14:00:41","date_gmt":"2015-12-16T11:30:41","guid":{"rendered":"http:\/\/www.casariche.es\/?p=11926"},"modified":"2015-12-17T11:12:55","modified_gmt":"2015-12-17T08:42:55","slug":"la-zambomba-jerezana-lleno-la-tertulia-del-cante-jondo-de-casariche-con-la-grandeza-del-arte-puro-de-jerez","status":"publish","type":"post","link":"https:\/\/www.casariche.es\/?p=11926","title":{"rendered":"La \u00abZambomba Jerezana\u00bb llen\u00f3 la Tertulia del Cante Jondo de Casariche con la grandeza del arte puro de Jerez"},"content":{"rendered":"<p style=\"text-align: justify;\">La Tertulia del Cante Jondo de Casariche \u201cManuel Herrera Rodas\u201d acogi\u00f3 el domingo 13 de Diciembre, a partir de la una de la tarde, el espect\u00e1culo navide\u00f1o \u201cZambomb\u00e1 Jerezana\u201d. \u00a0Seg\u00fan nos han informado desde su Directiva, \u00abun a\u00f1o m\u00e1s, se cont\u00f3 en la Tertulia con la grandeza del arte puro de Jerez, en esta ocasi\u00f3n, recreando una \u00abZambomb\u00e1 Jerezana\u00bb, bajo la direcci\u00f3n del guitarrista Antonio Higuero, quien present\u00f3 un repertorio totalmente renovado de villancicos que muestran la expresi\u00f3n m\u00e1s fiel y tradicional del Cante Jondo, junto a una segunda guitarra de lujo, la de Javier Ib\u00e1\u00f1ez, que ya hab\u00eda visitado con anterioridad la Tertulia con el espect\u00e1culo de baile de Beatriz Morales, y actualmente forma parte de la compa\u00f1\u00eda de Antonio \u00abEl Pipa\u00bb. \u00a0Adem\u00e1s, no pudo faltar el soniquete y la est\u00e9tica m\u00e1s a\u00f1eja, a cargo de la incomparable Carmen de Cantarote y su sobrina Gema de Cantarote, as\u00ed como el desparpajo de Israel L\u00f3pez, llenando el escenario como nadie con su gracia y comp\u00e1s\u00bb.<\/p>\n<p style=\"text-align: justify;\">Asimismo, se ha destacado que \u00abfue especialmente emotivo el villancico compuesto por Jos\u00e9 Vargas \u00abEl Mono\u00bb de Jerez e interpretado por la magn\u00edfica voz cantaora de Anabel Rosado, que trajo los ecos de la Paquera para una tarde de las que hacen historia, sobre todo para los que all\u00ed estuvieron presentes. \u00a0Y, como colof\u00f3n al espect\u00e1culo, se\u00a0realiz\u00f3 un fin de fiesta por buler\u00edas, donde cada uno de los artistas hizo buena gala del cante y baile de su tierra\u00bb.<\/p>\n<p style=\"text-align: justify;\"><img loading=\"lazy\" decoding=\"async\" class=\"aligncenter size-full wp-image-11927\" src=\"http:\/\/www.casariche.es\/wp-content\/uploads\/2015\/12\/zjerez1.jpg\" alt=\"zjerez1\" width=\"480\" height=\"360\" srcset=\"https:\/\/www.casariche.es\/wp-content\/uploads\/2015\/12\/zjerez1.jpg 480w, https:\/\/www.casariche.es\/wp-content\/uploads\/2015\/12\/zjerez1-300x225.jpg 300w\" sizes=\"auto, (max-width: 480px) 100vw, 480px\" \/><\/p>\n<p style=\"text-align: justify;\"><img loading=\"lazy\" decoding=\"async\" class=\"aligncenter size-full wp-image-11928\" src=\"http:\/\/www.casariche.es\/wp-content\/uploads\/2015\/12\/zjerez2.jpg\" alt=\"zjerez2\" width=\"480\" height=\"360\" srcset=\"https:\/\/www.casariche.es\/wp-content\/uploads\/2015\/12\/zjerez2.jpg 480w, https:\/\/www.casariche.es\/wp-content\/uploads\/2015\/12\/zjerez2-300x225.jpg 300w\" sizes=\"auto, (max-width: 480px) 100vw, 480px\" \/><\/p>\n<p style=\"text-align: justify;\"><img loading=\"lazy\" decoding=\"async\" class=\"aligncenter size-full wp-image-11929\" src=\"http:\/\/www.casariche.es\/wp-content\/uploads\/2015\/12\/zjerez3.jpg\" alt=\"zjerez3\" width=\"480\" height=\"360\" srcset=\"https:\/\/www.casariche.es\/wp-content\/uploads\/2015\/12\/zjerez3.jpg 480w, https:\/\/www.casariche.es\/wp-content\/uploads\/2015\/12\/zjerez3-300x225.jpg 300w\" sizes=\"auto, (max-width: 480px) 100vw, 480px\" \/><\/p>\n<p style=\"text-align: justify;\"><img loading=\"lazy\" decoding=\"async\" class=\"aligncenter size-full wp-image-11930\" src=\"http:\/\/www.casariche.es\/wp-content\/uploads\/2015\/12\/zjerez4.jpg\" alt=\"zjerez4\" width=\"480\" height=\"360\" srcset=\"https:\/\/www.casariche.es\/wp-content\/uploads\/2015\/12\/zjerez4.jpg 480w, https:\/\/www.casariche.es\/wp-content\/uploads\/2015\/12\/zjerez4-300x225.jpg 300w\" sizes=\"auto, (max-width: 480px) 100vw, 480px\" \/><\/p>\n","protected":false},"excerpt":{"rendered":"<p>La Tertulia del Cante Jondo de Casariche \u201cManuel Herrera Rodas\u201d acogi\u00f3 el domingo 13 de Diciembre, a partir de la una de la tarde, el<\/p>\n","protected":false},"author":2,"featured_media":11930,"comment_status":"closed","ping_status":"closed","sticky":false,"template":"","format":"standard","meta":{"footnotes":""},"categories":[7,1],"tags":[1310,1298,1057,800],"class_list":["post-11926","post","type-post","status-publish","format-standard","has-post-thumbnail","hentry","category-cultura","category-sin-categoria","tag-cante-jondo","tag-jerezana","tag-tertulia","tag-zambomba"],"_links":{"self":[{"href":"https:\/\/www.casariche.es\/index.php?rest_route=\/wp\/v2\/posts\/11926","targetHints":{"allow":["GET"]}}],"collection":[{"href":"https:\/\/www.casariche.es\/index.php?rest_route=\/wp\/v2\/posts"}],"about":[{"href":"https:\/\/www.casariche.es\/index.php?rest_route=\/wp\/v2\/types\/post"}],"author":[{"embeddable":true,"href":"https:\/\/www.casariche.es\/index.php?rest_route=\/wp\/v2\/users\/2"}],"replies":[{"embeddable":true,"href":"https:\/\/www.casariche.es\/index.php?rest_route=%2Fwp%2Fv2%2Fcomments&post=11926"}],"version-history":[{"count":1,"href":"https:\/\/www.casariche.es\/index.php?rest_route=\/wp\/v2\/posts\/11926\/revisions"}],"predecessor-version":[{"id":11931,"href":"https:\/\/www.casariche.es\/index.php?rest_route=\/wp\/v2\/posts\/11926\/revisions\/11931"}],"wp:featuredmedia":[{"embeddable":true,"href":"https:\/\/www.casariche.es\/index.php?rest_route=\/wp\/v2\/media\/11930"}],"wp:attachment":[{"href":"https:\/\/www.casariche.es\/index.php?rest_route=%2Fwp%2Fv2%2Fmedia&parent=11926"}],"wp:term":[{"taxonomy":"category","embeddable":true,"href":"https:\/\/www.casariche.es\/index.php?rest_route=%2Fwp%2Fv2%2Fcategories&post=11926"},{"taxonomy":"post_tag","embeddable":true,"href":"https:\/\/www.casariche.es\/index.php?rest_route=%2Fwp%2Fv2%2Ftags&post=11926"}],"curies":[{"name":"wp","href":"https:\/\/api.w.org\/{rel}","templated":true}]}}