{"id":11891,"date":"2015-12-16T13:52:44","date_gmt":"2015-12-16T11:22:44","guid":{"rendered":"http:\/\/www.casariche.es\/?p=11891"},"modified":"2015-12-16T13:53:38","modified_gmt":"2015-12-16T11:23:38","slug":"el-coro-esencia-canto-a-la-navidad","status":"publish","type":"post","link":"https:\/\/www.casariche.es\/?p=11891","title":{"rendered":"El Coro Esencia cant\u00f3 a la Navidad"},"content":{"rendered":"<p style=\"text-align: justify;\">El Coro Esencia, formado por los antiguos componentes del Coro Rociero de Casariche, hizo una magistral presentaci\u00f3n ante el p\u00fablico casariche\u00f1o \u00abCantando a la Navidad\u00bb, ofreciendo un selecto repertorio que fusion\u00f3 diversos temas con recuerdos a Jerez con los villancicos tradicionales de nuestra tierra.<\/p>\n<p style=\"text-align: justify;\">Todo ello, aderezado con una elegant\u00edsima puesta en escena, que se llev\u00f3 a cabo el s\u00e1bado 12 de Diciembre a partir de las ocho de la tarde.<img loading=\"lazy\" decoding=\"async\" class=\"aligncenter size-full wp-image-11895\" src=\"http:\/\/www.casariche.es\/wp-content\/uploads\/2015\/12\/esencia4.jpg\" alt=\"esencia4\" width=\"480\" height=\"270\" srcset=\"https:\/\/www.casariche.es\/wp-content\/uploads\/2015\/12\/esencia4.jpg 480w, https:\/\/www.casariche.es\/wp-content\/uploads\/2015\/12\/esencia4-300x169.jpg 300w\" sizes=\"auto, (max-width: 480px) 100vw, 480px\" \/><\/p>\n<p style=\"text-align: justify;\"><img loading=\"lazy\" decoding=\"async\" class=\"aligncenter size-full wp-image-11896\" src=\"http:\/\/www.casariche.es\/wp-content\/uploads\/2015\/12\/esencia5.jpg\" alt=\"esencia5\" width=\"480\" height=\"360\" srcset=\"https:\/\/www.casariche.es\/wp-content\/uploads\/2015\/12\/esencia5.jpg 480w, https:\/\/www.casariche.es\/wp-content\/uploads\/2015\/12\/esencia5-300x225.jpg 300w\" sizes=\"auto, (max-width: 480px) 100vw, 480px\" \/><\/p>\n<p style=\"text-align: justify;\"><img loading=\"lazy\" decoding=\"async\" class=\"aligncenter size-full wp-image-11897\" src=\"http:\/\/www.casariche.es\/wp-content\/uploads\/2015\/12\/esencia3.jpg\" alt=\"esencia3\" width=\"480\" height=\"360\" srcset=\"https:\/\/www.casariche.es\/wp-content\/uploads\/2015\/12\/esencia3.jpg 480w, https:\/\/www.casariche.es\/wp-content\/uploads\/2015\/12\/esencia3-300x225.jpg 300w\" sizes=\"auto, (max-width: 480px) 100vw, 480px\" \/><\/p>\n<p style=\"text-align: justify;\"><img loading=\"lazy\" decoding=\"async\" class=\"aligncenter size-full wp-image-11898\" src=\"http:\/\/www.casariche.es\/wp-content\/uploads\/2015\/12\/esencia2.jpg\" alt=\"esencia2\" width=\"480\" height=\"360\" srcset=\"https:\/\/www.casariche.es\/wp-content\/uploads\/2015\/12\/esencia2.jpg 480w, https:\/\/www.casariche.es\/wp-content\/uploads\/2015\/12\/esencia2-300x225.jpg 300w\" sizes=\"auto, (max-width: 480px) 100vw, 480px\" \/><\/p>\n<p style=\"text-align: justify;\"><img loading=\"lazy\" decoding=\"async\" class=\"aligncenter size-full wp-image-11899\" src=\"http:\/\/www.casariche.es\/wp-content\/uploads\/2015\/12\/esencia1.jpg\" alt=\"esencia1\" width=\"480\" height=\"360\" srcset=\"https:\/\/www.casariche.es\/wp-content\/uploads\/2015\/12\/esencia1.jpg 480w, https:\/\/www.casariche.es\/wp-content\/uploads\/2015\/12\/esencia1-300x225.jpg 300w\" sizes=\"auto, (max-width: 480px) 100vw, 480px\" \/><\/p>\n","protected":false},"excerpt":{"rendered":"<p>El Coro Esencia, formado por los antiguos componentes del Coro Rociero de Casariche, hizo una magistral presentaci\u00f3n ante el p\u00fablico casariche\u00f1o \u00abCantando a la Navidad\u00bb,<\/p>\n","protected":false},"author":2,"featured_media":11896,"comment_status":"closed","ping_status":"closed","sticky":false,"template":"","format":"standard","meta":{"footnotes":""},"categories":[7,1],"tags":[223,300,1306,797,334],"class_list":["post-11891","post","type-post","status-publish","format-standard","has-post-thumbnail","hentry","category-cultura","category-sin-categoria","tag-concierto","tag-coro","tag-esencia","tag-navidad","tag-villancicos"],"_links":{"self":[{"href":"https:\/\/www.casariche.es\/index.php?rest_route=\/wp\/v2\/posts\/11891","targetHints":{"allow":["GET"]}}],"collection":[{"href":"https:\/\/www.casariche.es\/index.php?rest_route=\/wp\/v2\/posts"}],"about":[{"href":"https:\/\/www.casariche.es\/index.php?rest_route=\/wp\/v2\/types\/post"}],"author":[{"embeddable":true,"href":"https:\/\/www.casariche.es\/index.php?rest_route=\/wp\/v2\/users\/2"}],"replies":[{"embeddable":true,"href":"https:\/\/www.casariche.es\/index.php?rest_route=%2Fwp%2Fv2%2Fcomments&post=11891"}],"version-history":[{"count":2,"href":"https:\/\/www.casariche.es\/index.php?rest_route=\/wp\/v2\/posts\/11891\/revisions"}],"predecessor-version":[{"id":11900,"href":"https:\/\/www.casariche.es\/index.php?rest_route=\/wp\/v2\/posts\/11891\/revisions\/11900"}],"wp:featuredmedia":[{"embeddable":true,"href":"https:\/\/www.casariche.es\/index.php?rest_route=\/wp\/v2\/media\/11896"}],"wp:attachment":[{"href":"https:\/\/www.casariche.es\/index.php?rest_route=%2Fwp%2Fv2%2Fmedia&parent=11891"}],"wp:term":[{"taxonomy":"category","embeddable":true,"href":"https:\/\/www.casariche.es\/index.php?rest_route=%2Fwp%2Fv2%2Fcategories&post=11891"},{"taxonomy":"post_tag","embeddable":true,"href":"https:\/\/www.casariche.es\/index.php?rest_route=%2Fwp%2Fv2%2Ftags&post=11891"}],"curies":[{"name":"wp","href":"https:\/\/api.w.org\/{rel}","templated":true}]}}