{"id":11881,"date":"2015-12-16T13:43:02","date_gmt":"2015-12-16T11:13:02","guid":{"rendered":"http:\/\/www.casariche.es\/?p=11881"},"modified":"2015-12-16T14:16:29","modified_gmt":"2015-12-16T11:46:29","slug":"la-buena-gente-ofrecio-en-casariche-un-brillante-concierto-de-villancicos","status":"publish","type":"post","link":"https:\/\/www.casariche.es\/?p=11881","title":{"rendered":"La Buena Gente ofreci\u00f3 en Casariche un brillante concierto de villancicos"},"content":{"rendered":"<p style=\"text-align: justify;\">El Corrillo Flamenco \u201cLa Buena Gente\u201d ofreci\u00f3 un brillante concierto de villancicos en la tarde del pasado domingo 6 de Diciembre.<\/p>\n<p style=\"text-align: justify;\">La actuaci\u00f3n, que dio comienzo a las siete de la tarde en el Teatro Municipal, combin\u00f3 tanto villancicos rocieros, como de Jerez y cl\u00e1sicos, dedicando incluso uno de ellos a los distintos miembros de esta formaci\u00f3n casariche\u00f1a.<\/p>\n<p style=\"text-align: justify;\">En conjunto, fue una velada fant\u00e1stica que sumergi\u00f3 al p\u00fablico asistente en un ambiente totalmente navide\u00f1o.<\/p>\n<p style=\"text-align: justify;\">Cabe destacar, adem\u00e1s, que \u00abLa Buena Gente\u00bb ha ofrecido tambi\u00e9n conciertos de villancicos a lo largo de este mes de Diciembre en otras localidades, como El Rubio y Herrera, as\u00ed como participar\u00e1 en la\u00a0IV Zambomb\u00e1 Solidaria Nazareno y Esperanza a beneficio de C\u00e1ritas, que\u00a0tendr\u00e1 lugar el pr\u00f3ximo s\u00e1bado d\u00eda 26 de Diciembre a partir de las 16:00 horas en el Teatro Municipal de Casariche.<\/p>\n<p style=\"text-align: justify;\"><img loading=\"lazy\" decoding=\"async\" class=\"aligncenter size-full wp-image-11888\" src=\"http:\/\/www.casariche.es\/wp-content\/uploads\/2015\/12\/BUENAG5.jpg\" alt=\"BUENAG5\" width=\"480\" height=\"319\" srcset=\"https:\/\/www.casariche.es\/wp-content\/uploads\/2015\/12\/BUENAG5.jpg 480w, https:\/\/www.casariche.es\/wp-content\/uploads\/2015\/12\/BUENAG5-300x199.jpg 300w\" sizes=\"auto, (max-width: 480px) 100vw, 480px\" \/><\/p>\n<p style=\"text-align: justify;\"><img loading=\"lazy\" decoding=\"async\" class=\"aligncenter size-full wp-image-11885\" src=\"http:\/\/www.casariche.es\/wp-content\/uploads\/2015\/12\/BUENAG2.jpg\" alt=\"BUENAG2\" width=\"480\" height=\"360\" srcset=\"https:\/\/www.casariche.es\/wp-content\/uploads\/2015\/12\/BUENAG2.jpg 480w, https:\/\/www.casariche.es\/wp-content\/uploads\/2015\/12\/BUENAG2-300x225.jpg 300w\" sizes=\"auto, (max-width: 480px) 100vw, 480px\" \/><\/p>\n<p style=\"text-align: justify;\"><img loading=\"lazy\" decoding=\"async\" class=\"aligncenter size-full wp-image-11886\" src=\"http:\/\/www.casariche.es\/wp-content\/uploads\/2015\/12\/BUENAG4.jpg\" alt=\"BUENAG4\" width=\"480\" height=\"360\" srcset=\"https:\/\/www.casariche.es\/wp-content\/uploads\/2015\/12\/BUENAG4.jpg 480w, https:\/\/www.casariche.es\/wp-content\/uploads\/2015\/12\/BUENAG4-300x225.jpg 300w\" sizes=\"auto, (max-width: 480px) 100vw, 480px\" \/><\/p>\n<p style=\"text-align: justify;\"><img loading=\"lazy\" decoding=\"async\" class=\"aligncenter size-full wp-image-11887\" src=\"http:\/\/www.casariche.es\/wp-content\/uploads\/2015\/12\/BUENAG3.jpg\" alt=\"BUENAG3\" width=\"360\" height=\"480\" srcset=\"https:\/\/www.casariche.es\/wp-content\/uploads\/2015\/12\/BUENAG3.jpg 360w, https:\/\/www.casariche.es\/wp-content\/uploads\/2015\/12\/BUENAG3-225x300.jpg 225w\" sizes=\"auto, (max-width: 360px) 100vw, 360px\" \/><\/p>\n<p style=\"text-align: justify;\"><img loading=\"lazy\" decoding=\"async\" class=\"aligncenter size-full wp-image-11889\" src=\"http:\/\/www.casariche.es\/wp-content\/uploads\/2015\/12\/BUENAG1.jpg\" alt=\"BUENAG1\" width=\"480\" height=\"360\" srcset=\"https:\/\/www.casariche.es\/wp-content\/uploads\/2015\/12\/BUENAG1.jpg 480w, https:\/\/www.casariche.es\/wp-content\/uploads\/2015\/12\/BUENAG1-300x225.jpg 300w\" sizes=\"auto, (max-width: 480px) 100vw, 480px\" \/><\/p>\n","protected":false},"excerpt":{"rendered":"<p>El Corrillo Flamenco \u201cLa Buena Gente\u201d ofreci\u00f3 un brillante concierto de villancicos en la tarde del pasado domingo 6 de Diciembre. La actuaci\u00f3n, que dio<\/p>\n","protected":false},"author":2,"featured_media":11885,"comment_status":"closed","ping_status":"closed","sticky":false,"template":"","format":"standard","meta":{"footnotes":""},"categories":[7,1],"tags":[1174,223,1173,1305,1175],"class_list":["post-11881","post","type-post","status-publish","format-standard","has-post-thumbnail","hentry","category-cultura","category-sin-categoria","tag-buena","tag-concierto","tag-corrillo","tag-flamneco","tag-gente"],"_links":{"self":[{"href":"https:\/\/www.casariche.es\/index.php?rest_route=\/wp\/v2\/posts\/11881","targetHints":{"allow":["GET"]}}],"collection":[{"href":"https:\/\/www.casariche.es\/index.php?rest_route=\/wp\/v2\/posts"}],"about":[{"href":"https:\/\/www.casariche.es\/index.php?rest_route=\/wp\/v2\/types\/post"}],"author":[{"embeddable":true,"href":"https:\/\/www.casariche.es\/index.php?rest_route=\/wp\/v2\/users\/2"}],"replies":[{"embeddable":true,"href":"https:\/\/www.casariche.es\/index.php?rest_route=%2Fwp%2Fv2%2Fcomments&post=11881"}],"version-history":[{"count":4,"href":"https:\/\/www.casariche.es\/index.php?rest_route=\/wp\/v2\/posts\/11881\/revisions"}],"predecessor-version":[{"id":11890,"href":"https:\/\/www.casariche.es\/index.php?rest_route=\/wp\/v2\/posts\/11881\/revisions\/11890"}],"wp:featuredmedia":[{"embeddable":true,"href":"https:\/\/www.casariche.es\/index.php?rest_route=\/wp\/v2\/media\/11885"}],"wp:attachment":[{"href":"https:\/\/www.casariche.es\/index.php?rest_route=%2Fwp%2Fv2%2Fmedia&parent=11881"}],"wp:term":[{"taxonomy":"category","embeddable":true,"href":"https:\/\/www.casariche.es\/index.php?rest_route=%2Fwp%2Fv2%2Fcategories&post=11881"},{"taxonomy":"post_tag","embeddable":true,"href":"https:\/\/www.casariche.es\/index.php?rest_route=%2Fwp%2Fv2%2Ftags&post=11881"}],"curies":[{"name":"wp","href":"https:\/\/api.w.org\/{rel}","templated":true}]}}