{"id":10411,"date":"2015-06-08T18:34:32","date_gmt":"2015-06-08T16:04:32","guid":{"rendered":"http:\/\/www.casariche.es\/?p=10411"},"modified":"2015-06-08T18:34:32","modified_gmt":"2015-06-08T16:04:32","slug":"casariche-estara-presente-el-12-de-junio-en-el-ii-encuentro-artesanal-y-cultural-de-la-mujer","status":"publish","type":"post","link":"https:\/\/www.casariche.es\/?p=10411","title":{"rendered":"Casariche estar\u00e1 presente el 12 de Junio en el II Encuentro Artesanal y Cultural de la Mujer"},"content":{"rendered":"<p style=\"text-align: justify;\">Casariche estar\u00e1 presente este viernes 12 de Junio en Lora de Estepa en el II ENCUENTRO ARTESANAL Y CULTURAL DE LA MUJER, organizado por las Asociaciones de Mujeres de\u00a0Badolatosa, Corcoya, La Roda de Andaluc\u00eda, Lora de Estepa y Casariche, y que cuenta con la colaboraci\u00f3n del Ayuntamiento de Casariche, entre otros, y est\u00e1 patrocinado por la Junta de Andaluc\u00eda (Consejer\u00eda de Igualdad, Salud y Pol\u00edticas Sociales).<\/p>\n<p style=\"text-align: justify;\">Este encuentro tendr\u00e1 lugar en la Plaza de Andaluc\u00eda de Lora de Estepa en horario de tarde de 18:00 a 23:00 h. Para el desplazamiento de Casariche a Lora (ida y vuelta) se\u00a0pondr\u00e1 un autob\u00fas y, al haber plazas limitadas, habr\u00e1 que realizar previamente la reserva o inscripci\u00f3n en el Centro de Igualdad \u00abEncarnaci\u00f3n Parrado Castillo\u00bb en horario de 10:30h a 14:00 h (preguntando por Paqui Gir\u00e1ldez).<\/p>\n<p style=\"text-align: center;\"><a href=\"http:\/\/www.casariche.es\/wp-content\/uploads\/2015\/06\/PROGRAMACION-II-ENCUENTRO-DE-LA-MUJER.pdf\">PROGRAMACION II ENCUENTRO DE LA MUJER<\/a><\/p>\n<p style=\"text-align: justify;\"><a href=\"http:\/\/www.casariche.es\/wp-content\/uploads\/2015\/06\/iimujer.jpg\"><img loading=\"lazy\" decoding=\"async\" class=\"aligncenter size-full wp-image-10415\" src=\"http:\/\/www.casariche.es\/wp-content\/uploads\/2015\/06\/iimujer.jpg\" alt=\"iimujer\" width=\"480\" height=\"260\" srcset=\"https:\/\/www.casariche.es\/wp-content\/uploads\/2015\/06\/iimujer.jpg 480w, https:\/\/www.casariche.es\/wp-content\/uploads\/2015\/06\/iimujer-300x163.jpg 300w\" sizes=\"auto, (max-width: 480px) 100vw, 480px\" \/><\/a><\/p>\n","protected":false},"excerpt":{"rendered":"<p>Casariche estar\u00e1 presente este viernes 12 de Junio en Lora de Estepa en el II ENCUENTRO ARTESANAL Y CULTURAL DE LA MUJER, organizado por las<\/p>\n","protected":false},"author":2,"featured_media":10415,"comment_status":"closed","ping_status":"open","sticky":false,"template":"","format":"standard","meta":{"footnotes":""},"categories":[1,6],"tags":[877,64,183],"class_list":["post-10411","post","type-post","status-publish","format-standard","has-post-thumbnail","hentry","category-sin-categoria","category-bienestar-social","tag-artesanal","tag-cultural","tag-encuentro"],"_links":{"self":[{"href":"https:\/\/www.casariche.es\/index.php?rest_route=\/wp\/v2\/posts\/10411","targetHints":{"allow":["GET"]}}],"collection":[{"href":"https:\/\/www.casariche.es\/index.php?rest_route=\/wp\/v2\/posts"}],"about":[{"href":"https:\/\/www.casariche.es\/index.php?rest_route=\/wp\/v2\/types\/post"}],"author":[{"embeddable":true,"href":"https:\/\/www.casariche.es\/index.php?rest_route=\/wp\/v2\/users\/2"}],"replies":[{"embeddable":true,"href":"https:\/\/www.casariche.es\/index.php?rest_route=%2Fwp%2Fv2%2Fcomments&post=10411"}],"version-history":[{"count":3,"href":"https:\/\/www.casariche.es\/index.php?rest_route=\/wp\/v2\/posts\/10411\/revisions"}],"predecessor-version":[{"id":10416,"href":"https:\/\/www.casariche.es\/index.php?rest_route=\/wp\/v2\/posts\/10411\/revisions\/10416"}],"wp:featuredmedia":[{"embeddable":true,"href":"https:\/\/www.casariche.es\/index.php?rest_route=\/wp\/v2\/media\/10415"}],"wp:attachment":[{"href":"https:\/\/www.casariche.es\/index.php?rest_route=%2Fwp%2Fv2%2Fmedia&parent=10411"}],"wp:term":[{"taxonomy":"category","embeddable":true,"href":"https:\/\/www.casariche.es\/index.php?rest_route=%2Fwp%2Fv2%2Fcategories&post=10411"},{"taxonomy":"post_tag","embeddable":true,"href":"https:\/\/www.casariche.es\/index.php?rest_route=%2Fwp%2Fv2%2Ftags&post=10411"}],"curies":[{"name":"wp","href":"https:\/\/api.w.org\/{rel}","templated":true}]}}