{"id":10073,"date":"2015-04-20T12:04:23","date_gmt":"2015-04-20T09:34:23","guid":{"rendered":"http:\/\/www.casariche.es\/?p=10073"},"modified":"2015-04-20T12:14:12","modified_gmt":"2015-04-20T09:44:12","slug":"ha-concluido-el-curso-mi-primer-huerto-ecologico","status":"publish","type":"post","link":"https:\/\/www.casariche.es\/?p=10073","title":{"rendered":"Ha concluido el curso \u00abMi primer huerto ecol\u00f3gico\u00bb"},"content":{"rendered":"<p style=\"text-align: justify;\">Ha concluido el curso \u00a0\u201cMI PRIMER HUERTO ECOL\u00d3GICO\u201d, impartido por Teresa Pozo Gir\u00e1ldez, y que ha formado al alumnado asistente (de 3\u00ba y 4\u00ba Primaria) en c\u00f3mo cultivar un huerto ecol\u00f3gico con materiales de reciclaje, en la construcci\u00f3n de semilleros, el conocimiento de plantas, etc.<\/p>\n<p style=\"text-align: justify;\">El acto de clausura del mismo, celebrado el jueves 16 de Abril, cont\u00f3 con la asistencia del Concejal de Medio Ambiente del Ayuntamiento de Casariche, Francisco Javier Pozo, y culmin\u00f3 con una peque\u00f1a merienda.<\/p>\n<p style=\"text-align: justify;\">Esta novedosa propuesta, de dos meses de duraci\u00f3n, ha sido organizada por el Ayuntamiento de Casariche, a trav\u00e9s de su Delegaci\u00f3n de Juventud (en el marco del Programa Juventippo) y ha contado con la colaboraci\u00f3n de Mercafauna Animales Casariche.<\/p>\n<p style=\"text-align: justify;\"><a href=\"http:\/\/www.casariche.es\/wp-content\/uploads\/2015\/04\/c-huerto.jpg\"><img loading=\"lazy\" decoding=\"async\" class=\"aligncenter size-full wp-image-10076\" src=\"http:\/\/www.casariche.es\/wp-content\/uploads\/2015\/04\/c-huerto.jpg\" alt=\"c-huerto\" width=\"480\" height=\"260\" srcset=\"https:\/\/www.casariche.es\/wp-content\/uploads\/2015\/04\/c-huerto.jpg 480w, https:\/\/www.casariche.es\/wp-content\/uploads\/2015\/04\/c-huerto-300x163.jpg 300w\" sizes=\"auto, (max-width: 480px) 100vw, 480px\" \/><\/a><\/p>\n<p style=\"text-align: justify;\"><a href=\"http:\/\/www.casariche.es\/wp-content\/uploads\/2015\/04\/c-huerto2.jpg\"><img loading=\"lazy\" decoding=\"async\" class=\"aligncenter size-full wp-image-10077\" src=\"http:\/\/www.casariche.es\/wp-content\/uploads\/2015\/04\/c-huerto2.jpg\" alt=\"c-huerto2\" width=\"480\" height=\"260\" srcset=\"https:\/\/www.casariche.es\/wp-content\/uploads\/2015\/04\/c-huerto2.jpg 480w, https:\/\/www.casariche.es\/wp-content\/uploads\/2015\/04\/c-huerto2-300x163.jpg 300w\" sizes=\"auto, (max-width: 480px) 100vw, 480px\" \/><\/a><\/p>\n<p style=\"text-align: justify;\">\u00a0Por otra parte, el lunes 13 de Abril se clausur\u00f3 el\u00a0Curso \u201cManejo de la huerta en agricultura ecol\u00f3gica\u201d, que se ha estado impartiendo en Casriche desde el 17 de Febrero. El acto de clausura cont\u00f3 asimismo con la presencia de\u00a0Francisco Javier Pozo, Concejal de Medio Ambiente de nuestro Ayuntamiento.<\/p>\n<p style=\"text-align: justify;\"><a href=\"http:\/\/www.casariche.es\/wp-content\/uploads\/2015\/04\/ecol2.jpg\"><img loading=\"lazy\" decoding=\"async\" class=\"aligncenter size-full wp-image-10080\" src=\"http:\/\/www.casariche.es\/wp-content\/uploads\/2015\/04\/ecol2.jpg\" alt=\"ecol2\" width=\"480\" height=\"260\" srcset=\"https:\/\/www.casariche.es\/wp-content\/uploads\/2015\/04\/ecol2.jpg 480w, https:\/\/www.casariche.es\/wp-content\/uploads\/2015\/04\/ecol2-300x163.jpg 300w\" sizes=\"auto, (max-width: 480px) 100vw, 480px\" \/><\/a><\/p>\n","protected":false},"excerpt":{"rendered":"<p>Ha concluido el curso \u00a0\u201cMI PRIMER HUERTO ECOL\u00d3GICO\u201d, impartido por Teresa Pozo Gir\u00e1ldez, y que ha formado al alumnado asistente (de 3\u00ba y 4\u00ba Primaria)<\/p>\n","protected":false},"author":2,"featured_media":10076,"comment_status":"closed","ping_status":"open","sticky":false,"template":"","format":"standard","meta":{"footnotes":""},"categories":[1,6,22,20],"tags":[90,1114,937],"class_list":["post-10073","post","type-post","status-publish","format-standard","has-post-thumbnail","hentry","category-sin-categoria","category-bienestar-social","category-juventud","category-medio-ambiente","tag-curso","tag-ecologico","tag-huerto"],"_links":{"self":[{"href":"https:\/\/www.casariche.es\/index.php?rest_route=\/wp\/v2\/posts\/10073","targetHints":{"allow":["GET"]}}],"collection":[{"href":"https:\/\/www.casariche.es\/index.php?rest_route=\/wp\/v2\/posts"}],"about":[{"href":"https:\/\/www.casariche.es\/index.php?rest_route=\/wp\/v2\/types\/post"}],"author":[{"embeddable":true,"href":"https:\/\/www.casariche.es\/index.php?rest_route=\/wp\/v2\/users\/2"}],"replies":[{"embeddable":true,"href":"https:\/\/www.casariche.es\/index.php?rest_route=%2Fwp%2Fv2%2Fcomments&post=10073"}],"version-history":[{"count":5,"href":"https:\/\/www.casariche.es\/index.php?rest_route=\/wp\/v2\/posts\/10073\/revisions"}],"predecessor-version":[{"id":10081,"href":"https:\/\/www.casariche.es\/index.php?rest_route=\/wp\/v2\/posts\/10073\/revisions\/10081"}],"wp:featuredmedia":[{"embeddable":true,"href":"https:\/\/www.casariche.es\/index.php?rest_route=\/wp\/v2\/media\/10076"}],"wp:attachment":[{"href":"https:\/\/www.casariche.es\/index.php?rest_route=%2Fwp%2Fv2%2Fmedia&parent=10073"}],"wp:term":[{"taxonomy":"category","embeddable":true,"href":"https:\/\/www.casariche.es\/index.php?rest_route=%2Fwp%2Fv2%2Fcategories&post=10073"},{"taxonomy":"post_tag","embeddable":true,"href":"https:\/\/www.casariche.es\/index.php?rest_route=%2Fwp%2Fv2%2Ftags&post=10073"}],"curies":[{"name":"wp","href":"https:\/\/api.w.org\/{rel}","templated":true}]}}