{"id":9110,"date":"2014-12-24T02:21:00","date_gmt":"2014-12-23T23:51:00","guid":{"rendered":"http:\/\/www.casariche.es\/?p=9110"},"modified":"2014-12-26T02:14:45","modified_gmt":"2014-12-25T23:44:45","slug":"celebrado-el-acto-de-clausura-de-la-escuela-taller-las-tic-en-casariche","status":"publish","type":"post","link":"http:\/\/www.casariche.es\/?p=9110","title":{"rendered":"Celebrado el acto de clausura de la Escuela Taller \u00abLas TIC en Casariche\u201d"},"content":{"rendered":"<p style=\"text-align: justify;\">La Casa de la Juventud de nuestro municipio ha acogido en la ma\u00f1ana de hoy 23 de Diciembre el acto de clausura de la Escuela Taller \u201cLas Tic en Casariche: Servicios P\u00fablicos Digitales\u201d, que concluir\u00e1 oficialmente el s\u00e1bado 27 de Diciembre.<\/p>\n<p style=\"text-align: justify;\">Este acto ha estado presidido por el Delegado territorial de Educaci\u00f3n, Cultura y Deporte en Sevilla, Francisco D\u00edaz Morillo, y el Alcalde de Casariche, Basilio Carri\u00f3n Gil, y ha contado, entre otros, con la presencia de la Concejala de Formaci\u00f3n y Empleo, Loli Ballesteros Gonz\u00e1lez, y de la Concejala de Cultura, M\u00aa de los Santos Parrado Mar\u00edn, adem\u00e1s del alumnado, monitores y del equipo directivo y docente de la Escuela.<\/p>\n<p style=\"text-align: justify;\">La clausura, que ha sido conducida por la Concejala de Formaci\u00f3n y Empleo, ha incluido una breve ronda de intervenciones por parte del Delegado Provincial, el Alcalde y la Directora de la Escuela Taller, en las que se ha destacado \u201cla implicaci\u00f3n, el compromiso y el gran trabajo desarrollado por toda la Escuela durante sus dieciocho meses de andadura, animando al alumnado a seguir form\u00e1ndose y dese\u00e1ndoles lo mejor a partir de ahora para su incorporaci\u00f3n al mercado laboral\u201d. Asimismo, se han proyectado un video resumen, un breve documental y una pieza informativa realizados por el alumnado, y se ha concluido con la entrega de diplomas.<\/p>\n<p style=\"text-align: justify;\">En la Escuela Taller \u201cLas Tic en Casariche: Servicios P\u00fablicos Digitales\u201d, adem\u00e1s de la formaci\u00f3n espec\u00edfica en radio, el alumnado-trabajador ha recibido formaci\u00f3n complementaria a trav\u00e9s de los siguientes m\u00f3dulos: Alfabetizaci\u00f3n Inform\u00e1tica, Prevenci\u00f3n de Riesgos Laborales, Sensibilizaci\u00f3n Medio Ambiental, Fomento del Esp\u00edritu Emprendedor, Igualdad de G\u00e9nero, Igualdad para Colectivos Desfavorecidos y Taller de Empleabilidad. Tambi\u00e9n se les ha impartido un M\u00f3dulo de Educaci\u00f3n Compensatoria, en el que se ha preparado a los j\u00f3venes participantes para la Prueba de Acceso a Grado Superior, en sus asignaturas comunes (lengua, matem\u00e1ticas e ingl\u00e9s), dado que todos ellos pose\u00edan ya el Graduado en ESO.<\/p>\n<p style=\"text-align: justify;\">Con respecto a su m\u00f3dulo espec\u00edfico (Operador de Emisoras de Radio), se han formado en edici\u00f3n de diferentes audios, locuciones y m\u00fasicas, realizaci\u00f3n de informativos y de guiones radiof\u00f3nicos, montaje, sonorizaci\u00f3n y ejecuci\u00f3n t\u00e9cnica de conferencias, actuaciones musicales, charlas, \u2026, en el Teatro Municipal, y tambi\u00e9n ha llevado a cabo la grabaci\u00f3n, edici\u00f3n, proceso y montaje de las Audiogu\u00edas de la Fundaci\u00f3n Tierras de Jos\u00e9 Mar\u00eda El Tempranillo. Su formaci\u00f3n espec\u00edfica se ha ampliado con la impartici\u00f3n de un m\u00f3dulo b\u00e1sico de video, durante el cual han trabajado la captaci\u00f3n, edici\u00f3n, tratamiento y el montaje de im\u00e1genes, as\u00ed como la elaboraci\u00f3n de distintos formatos audiovisuales (noticias, reportajes, documentales y videoclips).<\/p>\n<p style=\"text-align: justify;\">Cabe recordar que la Escuela Taller \u00abLas Tic en Casariche: Servicios P\u00fablicos Digitales\u00bb, cuya entidad promotora ha sido el Excmo. Ayuntamiento de Casariche, comenz\u00f3 el 28 de junio de 2013 y concluye el 27 de Diciembre de 2014. Ha contado con la participaci\u00f3n de 12 j\u00f3venes casariche\u00f1os y con una inversi\u00f3n total de 257.467.92 Euros, cofinanciados por la Consejer\u00eda de Educaci\u00f3n, el Servicio P\u00fablico de Empleo Estatal y el Fondo Social Europeo.<\/p>\n<p style=\"text-align: justify;\"><a href=\"http:\/\/www.casariche.es\/wp-content\/uploads\/2014\/12\/logos.jpg\"><img loading=\"lazy\" decoding=\"async\" class=\"aligncenter size-full wp-image-9116\" src=\"http:\/\/www.casariche.es\/wp-content\/uploads\/2014\/12\/logos.jpg\" alt=\"logos\" width=\"480\" height=\"68\" srcset=\"http:\/\/www.casariche.es\/wp-content\/uploads\/2014\/12\/logos.jpg 480w, http:\/\/www.casariche.es\/wp-content\/uploads\/2014\/12\/logos-300x43.jpg 300w\" sizes=\"auto, (max-width: 480px) 100vw, 480px\" \/><\/a><\/p>\n<p style=\"text-align: justify;\"><a href=\"http:\/\/www.casariche.es\/wp-content\/uploads\/2014\/12\/CLAUSURA-ET-CASARICHE-GRUPO-1.jpg\"><img loading=\"lazy\" decoding=\"async\" class=\"aligncenter size-full wp-image-9112\" src=\"http:\/\/www.casariche.es\/wp-content\/uploads\/2014\/12\/CLAUSURA-ET-CASARICHE-GRUPO-1.jpg\" alt=\"CLAUSURA ET CASARICHE -GRUPO 1\" width=\"480\" height=\"260\" srcset=\"http:\/\/www.casariche.es\/wp-content\/uploads\/2014\/12\/CLAUSURA-ET-CASARICHE-GRUPO-1.jpg 480w, http:\/\/www.casariche.es\/wp-content\/uploads\/2014\/12\/CLAUSURA-ET-CASARICHE-GRUPO-1-300x163.jpg 300w\" sizes=\"auto, (max-width: 480px) 100vw, 480px\" \/><\/a><\/p>\n<p style=\"text-align: justify;\"><a href=\"http:\/\/www.casariche.es\/wp-content\/uploads\/2014\/12\/DSC06553.jpg\"><img loading=\"lazy\" decoding=\"async\" class=\"aligncenter size-full wp-image-9113\" src=\"http:\/\/www.casariche.es\/wp-content\/uploads\/2014\/12\/DSC06553.jpg\" alt=\"DSC06553\" width=\"480\" height=\"260\" srcset=\"http:\/\/www.casariche.es\/wp-content\/uploads\/2014\/12\/DSC06553.jpg 480w, http:\/\/www.casariche.es\/wp-content\/uploads\/2014\/12\/DSC06553-300x163.jpg 300w\" sizes=\"auto, (max-width: 480px) 100vw, 480px\" \/><\/a><\/p>\n<p style=\"text-align: justify;\"><a href=\"http:\/\/www.casariche.es\/wp-content\/uploads\/2014\/12\/DSC06567.jpg\"><img loading=\"lazy\" decoding=\"async\" class=\"aligncenter size-full wp-image-9114\" src=\"http:\/\/www.casariche.es\/wp-content\/uploads\/2014\/12\/DSC06567.jpg\" alt=\"DSC06567\" width=\"480\" height=\"260\" srcset=\"http:\/\/www.casariche.es\/wp-content\/uploads\/2014\/12\/DSC06567.jpg 480w, http:\/\/www.casariche.es\/wp-content\/uploads\/2014\/12\/DSC06567-300x163.jpg 300w\" sizes=\"auto, (max-width: 480px) 100vw, 480px\" \/><\/a><\/p>\n","protected":false},"excerpt":{"rendered":"<p>La Casa de la Juventud de nuestro municipio ha acogido en la ma\u00f1ana de hoy 23 de Diciembre el acto de clausura de la Escuela<\/p>\n","protected":false},"author":2,"featured_media":9112,"comment_status":"closed","ping_status":"open","sticky":false,"template":"","format":"standard","meta":{"footnotes":""},"categories":[5,4,9,1],"tags":[385,94,62],"class_list":["post-9110","post","type-post","status-publish","format-standard","has-post-thumbnail","hentry","category-alcaldia","category-desarrollo","category-educacion","category-sin-categoria","tag-clausura","tag-escuela","tag-taller"],"_links":{"self":[{"href":"http:\/\/www.casariche.es\/index.php?rest_route=\/wp\/v2\/posts\/9110","targetHints":{"allow":["GET"]}}],"collection":[{"href":"http:\/\/www.casariche.es\/index.php?rest_route=\/wp\/v2\/posts"}],"about":[{"href":"http:\/\/www.casariche.es\/index.php?rest_route=\/wp\/v2\/types\/post"}],"author":[{"embeddable":true,"href":"http:\/\/www.casariche.es\/index.php?rest_route=\/wp\/v2\/users\/2"}],"replies":[{"embeddable":true,"href":"http:\/\/www.casariche.es\/index.php?rest_route=%2Fwp%2Fv2%2Fcomments&post=9110"}],"version-history":[{"count":4,"href":"http:\/\/www.casariche.es\/index.php?rest_route=\/wp\/v2\/posts\/9110\/revisions"}],"predecessor-version":[{"id":9118,"href":"http:\/\/www.casariche.es\/index.php?rest_route=\/wp\/v2\/posts\/9110\/revisions\/9118"}],"wp:featuredmedia":[{"embeddable":true,"href":"http:\/\/www.casariche.es\/index.php?rest_route=\/wp\/v2\/media\/9112"}],"wp:attachment":[{"href":"http:\/\/www.casariche.es\/index.php?rest_route=%2Fwp%2Fv2%2Fmedia&parent=9110"}],"wp:term":[{"taxonomy":"category","embeddable":true,"href":"http:\/\/www.casariche.es\/index.php?rest_route=%2Fwp%2Fv2%2Fcategories&post=9110"},{"taxonomy":"post_tag","embeddable":true,"href":"http:\/\/www.casariche.es\/index.php?rest_route=%2Fwp%2Fv2%2Ftags&post=9110"}],"curies":[{"name":"wp","href":"https:\/\/api.w.org\/{rel}","templated":true}]}}