{"id":9105,"date":"2014-12-19T18:41:24","date_gmt":"2014-12-19T16:11:24","guid":{"rendered":"http:\/\/www.casariche.es\/?p=9105"},"modified":"2014-12-19T18:52:38","modified_gmt":"2014-12-19T16:22:38","slug":"los-dias-22-y-23-de-diciembre-no-dejes-de-visitar-la-ruta-de-belenes","status":"publish","type":"post","link":"http:\/\/www.casariche.es\/?p=9105","title":{"rendered":"Los d\u00edas 22 y 23 de Diciembre no dejes de visitar la III Ruta de Belenes"},"content":{"rendered":"<p style=\"text-align: justify;\">No dejes de visitar la III Ruta de Belenes de Casariche \u00a0los d\u00edas<strong> 22 y 23 de Diciembre, de 4 a 7 de la tarde<\/strong>. La presente edici\u00f3n cuenta con los siguientes belenes:<\/p>\n<ul style=\"text-align: justify;\">\n<li><strong>Bel\u00e9n de INMACULADA G\u00d3MEZ GIR\u00c1LDEZ, en C\/G\u00d3MEZ DE LAS CUEVAS, 8.<\/strong><\/li>\n<li><strong>Bel\u00e9n de\u00a0JES\u00daS MANZANO GAMITO, en C\/LUNA, 17.<\/strong><\/li>\n<li><strong>Bel\u00e9n de\u00a0M\u00aa CARMEN Y M\u00aa JOS\u00c9 PARRADO MOLINA, en C\/LUNA, 12.<\/strong><\/li>\n<li><strong>Bel\u00e9n de PAQUI MAR\u00cdN MU\u00d1OZ, en\u00a0AVDA. CERRO BELLIDO, 16.<\/strong><\/li>\n<li><strong>Bel\u00e9n de\u00a0SANTIAGO FRANCISCO SOJO RODR\u00cdGUEZ, en C\/\u00d3SCAR ROMERO, 11<\/strong><\/li>\n<\/ul>\n<p style=\"text-align: justify;\">Cabe destacar que los domicilios incluidos en la ruta tendr\u00e1n un distintivo en sus fachadas y que estos cinco belenes participan a su vez en el III Concurso de Belenes organizado desde la Delegaci\u00f3n de Festejos.<\/p>\n<p style=\"text-align: justify;\">Asimismo, tambi\u00e9n puede visitarse, fuera de concurso, el Bel\u00e9n de la Casa de la Juventud.<\/p>\n<p style=\"text-align: justify;\"><a href=\"http:\/\/www.casariche.es\/wp-content\/uploads\/2014\/12\/belenes-r.jpg\"><img loading=\"lazy\" decoding=\"async\" class=\"aligncenter size-full wp-image-9106\" src=\"http:\/\/www.casariche.es\/wp-content\/uploads\/2014\/12\/belenes-r.jpg\" alt=\"belenes-r\" width=\"480\" height=\"260\" srcset=\"http:\/\/www.casariche.es\/wp-content\/uploads\/2014\/12\/belenes-r.jpg 480w, http:\/\/www.casariche.es\/wp-content\/uploads\/2014\/12\/belenes-r-300x162.jpg 300w\" sizes=\"auto, (max-width: 480px) 100vw, 480px\" \/><\/a><\/p>\n","protected":false},"excerpt":{"rendered":"<p>No dejes de visitar la III Ruta de Belenes de Casariche \u00a0los d\u00edas 22 y 23 de Diciembre, de 4 a 7 de la tarde.<\/p>\n","protected":false},"author":2,"featured_media":9106,"comment_status":"closed","ping_status":"open","sticky":false,"template":"","format":"standard","meta":{"footnotes":""},"categories":[7,1],"tags":[298,332],"class_list":["post-9105","post","type-post","status-publish","format-standard","has-post-thumbnail","hentry","category-cultura","category-sin-categoria","tag-belenes","tag-ruta"],"_links":{"self":[{"href":"http:\/\/www.casariche.es\/index.php?rest_route=\/wp\/v2\/posts\/9105","targetHints":{"allow":["GET"]}}],"collection":[{"href":"http:\/\/www.casariche.es\/index.php?rest_route=\/wp\/v2\/posts"}],"about":[{"href":"http:\/\/www.casariche.es\/index.php?rest_route=\/wp\/v2\/types\/post"}],"author":[{"embeddable":true,"href":"http:\/\/www.casariche.es\/index.php?rest_route=\/wp\/v2\/users\/2"}],"replies":[{"embeddable":true,"href":"http:\/\/www.casariche.es\/index.php?rest_route=%2Fwp%2Fv2%2Fcomments&post=9105"}],"version-history":[{"count":2,"href":"http:\/\/www.casariche.es\/index.php?rest_route=\/wp\/v2\/posts\/9105\/revisions"}],"predecessor-version":[{"id":9108,"href":"http:\/\/www.casariche.es\/index.php?rest_route=\/wp\/v2\/posts\/9105\/revisions\/9108"}],"wp:featuredmedia":[{"embeddable":true,"href":"http:\/\/www.casariche.es\/index.php?rest_route=\/wp\/v2\/media\/9106"}],"wp:attachment":[{"href":"http:\/\/www.casariche.es\/index.php?rest_route=%2Fwp%2Fv2%2Fmedia&parent=9105"}],"wp:term":[{"taxonomy":"category","embeddable":true,"href":"http:\/\/www.casariche.es\/index.php?rest_route=%2Fwp%2Fv2%2Fcategories&post=9105"},{"taxonomy":"post_tag","embeddable":true,"href":"http:\/\/www.casariche.es\/index.php?rest_route=%2Fwp%2Fv2%2Ftags&post=9105"}],"curies":[{"name":"wp","href":"https:\/\/api.w.org\/{rel}","templated":true}]}}