{"id":9087,"date":"2014-12-18T15:50:40","date_gmt":"2014-12-18T13:20:40","guid":{"rendered":"http:\/\/www.casariche.es\/?p=9087"},"modified":"2014-12-18T16:07:27","modified_gmt":"2014-12-18T13:37:27","slug":"el-teatro-municipal-acoge-este-domingo-21-un-recital-flamenco-navideno","status":"publish","type":"post","link":"http:\/\/www.casariche.es\/?p=9087","title":{"rendered":"El Teatro Municipal acoge este domingo 21 un Recital Flamenco Navide\u00f1o"},"content":{"rendered":"<p style=\"text-align: justify;\">El Teatro Municipal de Casariche acoge este domingo 21 de Noviembre, a las 13:00 horas, un Recital de Flamenco Navide\u00f1o a cargo de Jes\u00fas M\u00e9ndez, al cante, y Antonio Higuero, al toque.<\/p>\n<p style=\"text-align: justify;\">Invitaci\u00f3n: 5 Euros hasta completar aforo.<\/p>\n<p style=\"text-align: justify;\"><a href=\"http:\/\/www.casariche.es\/wp-content\/uploads\/2014\/12\/TERTULIA-DEL-CANTE-JONDO-CARTELES-1.jpg\"><img loading=\"lazy\" decoding=\"async\" class=\"aligncenter size-full wp-image-9088\" src=\"http:\/\/www.casariche.es\/wp-content\/uploads\/2014\/12\/TERTULIA-DEL-CANTE-JONDO-CARTELES-1.jpg\" alt=\"TERTULIA DEL CANTE JONDO - CARTELES (1)\" width=\"480\" height=\"260\" srcset=\"http:\/\/www.casariche.es\/wp-content\/uploads\/2014\/12\/TERTULIA-DEL-CANTE-JONDO-CARTELES-1.jpg 480w, http:\/\/www.casariche.es\/wp-content\/uploads\/2014\/12\/TERTULIA-DEL-CANTE-JONDO-CARTELES-1-300x162.jpg 300w\" sizes=\"auto, (max-width: 480px) 100vw, 480px\" \/><\/a><\/p>\n","protected":false},"excerpt":{"rendered":"<p>El Teatro Municipal de Casariche acoge este domingo 21 de Noviembre, a las 13:00 horas, un Recital de Flamenco Navide\u00f1o a cargo de Jes\u00fas M\u00e9ndez,<\/p>\n","protected":false},"author":2,"featured_media":9088,"comment_status":"closed","ping_status":"open","sticky":false,"template":"","format":"standard","meta":{"footnotes":""},"categories":[7,1],"tags":[778,675,414,1057],"class_list":["post-9087","post","type-post","status-publish","format-standard","has-post-thumbnail","hentry","category-cultura","category-sin-categoria","tag-navideno","tag-flamenco","tag-recital","tag-tertulia"],"_links":{"self":[{"href":"http:\/\/www.casariche.es\/index.php?rest_route=\/wp\/v2\/posts\/9087","targetHints":{"allow":["GET"]}}],"collection":[{"href":"http:\/\/www.casariche.es\/index.php?rest_route=\/wp\/v2\/posts"}],"about":[{"href":"http:\/\/www.casariche.es\/index.php?rest_route=\/wp\/v2\/types\/post"}],"author":[{"embeddable":true,"href":"http:\/\/www.casariche.es\/index.php?rest_route=\/wp\/v2\/users\/2"}],"replies":[{"embeddable":true,"href":"http:\/\/www.casariche.es\/index.php?rest_route=%2Fwp%2Fv2%2Fcomments&post=9087"}],"version-history":[{"count":1,"href":"http:\/\/www.casariche.es\/index.php?rest_route=\/wp\/v2\/posts\/9087\/revisions"}],"predecessor-version":[{"id":9089,"href":"http:\/\/www.casariche.es\/index.php?rest_route=\/wp\/v2\/posts\/9087\/revisions\/9089"}],"wp:featuredmedia":[{"embeddable":true,"href":"http:\/\/www.casariche.es\/index.php?rest_route=\/wp\/v2\/media\/9088"}],"wp:attachment":[{"href":"http:\/\/www.casariche.es\/index.php?rest_route=%2Fwp%2Fv2%2Fmedia&parent=9087"}],"wp:term":[{"taxonomy":"category","embeddable":true,"href":"http:\/\/www.casariche.es\/index.php?rest_route=%2Fwp%2Fv2%2Fcategories&post=9087"},{"taxonomy":"post_tag","embeddable":true,"href":"http:\/\/www.casariche.es\/index.php?rest_route=%2Fwp%2Fv2%2Ftags&post=9087"}],"curies":[{"name":"wp","href":"https:\/\/api.w.org\/{rel}","templated":true}]}}