{"id":83009,"date":"2026-04-30T15:50:56","date_gmt":"2026-04-30T13:50:56","guid":{"rendered":"https:\/\/www.casariche.es\/?p=83009"},"modified":"2026-04-30T19:09:37","modified_gmt":"2026-04-30T17:09:37","slug":"publicado-el-listado-de-cumplimiento-de-los-requisitos-establecidos-en-la-base-4a-del-programa-de-prevencion-de-la-exclusion-social-2025-2026","status":"publish","type":"post","link":"http:\/\/www.casariche.es\/?p=83009","title":{"rendered":"Publicado el Listado de Cumplimiento de los Requisitos Establecidos en la Base 4\u00aa del Programa de Prevenci\u00f3n de la Exclusi\u00f3n Social 2025-2026"},"content":{"rendered":"<p style=\"text-align: justify;\">Desde la Delegaci\u00f3n de Empleo informamos a todos los vecinos y vecinas de Casariche que\u00a0<strong>ya est\u00e1 disponible, tanto en el Tabl\u00f3n de Anuncios de nuestro Ayuntamiento como en el E-tabl\u00f3n el Listado de Cumplimiento de los Requisitos Establecidos en la Base 4\u00aa del Programa de Prevenci\u00f3n de la Exclusi\u00f3n Social 2025-2026 del Ayuntamiento de Casariche.<\/strong><\/p>\n<p style=\"text-align: justify;\">En el mismo documento, <strong>se establece un plazo de 7 d\u00edas h\u00e1biles desde la publicaci\u00f3n de este listado para alegaciones.<\/strong><\/p>\n<p style=\"text-align: justify;\"><strong>Para cualquier duda, pueden preguntarla en la Oficina de Informaci\u00f3n del Ayuntamiento.<\/strong><\/p>\n<p><img loading=\"lazy\" decoding=\"async\" class=\"alignnone size-full wp-image-83010\" src=\"http:\/\/www.casariche.es\/wp-content\/uploads\/2026\/04\/Csariche-202650.jpg\" alt=\"\" width=\"2000\" height=\"1414\" srcset=\"http:\/\/www.casariche.es\/wp-content\/uploads\/2026\/04\/Csariche-202650.jpg 2000w, http:\/\/www.casariche.es\/wp-content\/uploads\/2026\/04\/Csariche-202650-300x212.jpg 300w, http:\/\/www.casariche.es\/wp-content\/uploads\/2026\/04\/Csariche-202650-1024x724.jpg 1024w, http:\/\/www.casariche.es\/wp-content\/uploads\/2026\/04\/Csariche-202650-768x543.jpg 768w, http:\/\/www.casariche.es\/wp-content\/uploads\/2026\/04\/Csariche-202650-1536x1086.jpg 1536w\" sizes=\"auto, (max-width: 2000px) 100vw, 2000px\" \/><\/p>\n","protected":false},"excerpt":{"rendered":"<p>Desde la Delegaci\u00f3n de Empleo informamos a todos los vecinos y vecinas de Casariche que\u00a0ya est\u00e1 disponible, tanto en el Tabl\u00f3n de Anuncios de nuestro<\/p>\n","protected":false},"author":2,"featured_media":83010,"comment_status":"closed","ping_status":"closed","sticky":false,"template":"","format":"standard","meta":{"footnotes":""},"categories":[1],"tags":[],"class_list":["post-83009","post","type-post","status-publish","format-standard","has-post-thumbnail","hentry","category-sin-categoria"],"_links":{"self":[{"href":"http:\/\/www.casariche.es\/index.php?rest_route=\/wp\/v2\/posts\/83009","targetHints":{"allow":["GET"]}}],"collection":[{"href":"http:\/\/www.casariche.es\/index.php?rest_route=\/wp\/v2\/posts"}],"about":[{"href":"http:\/\/www.casariche.es\/index.php?rest_route=\/wp\/v2\/types\/post"}],"author":[{"embeddable":true,"href":"http:\/\/www.casariche.es\/index.php?rest_route=\/wp\/v2\/users\/2"}],"replies":[{"embeddable":true,"href":"http:\/\/www.casariche.es\/index.php?rest_route=%2Fwp%2Fv2%2Fcomments&post=83009"}],"version-history":[{"count":1,"href":"http:\/\/www.casariche.es\/index.php?rest_route=\/wp\/v2\/posts\/83009\/revisions"}],"predecessor-version":[{"id":83011,"href":"http:\/\/www.casariche.es\/index.php?rest_route=\/wp\/v2\/posts\/83009\/revisions\/83011"}],"wp:featuredmedia":[{"embeddable":true,"href":"http:\/\/www.casariche.es\/index.php?rest_route=\/wp\/v2\/media\/83010"}],"wp:attachment":[{"href":"http:\/\/www.casariche.es\/index.php?rest_route=%2Fwp%2Fv2%2Fmedia&parent=83009"}],"wp:term":[{"taxonomy":"category","embeddable":true,"href":"http:\/\/www.casariche.es\/index.php?rest_route=%2Fwp%2Fv2%2Fcategories&post=83009"},{"taxonomy":"post_tag","embeddable":true,"href":"http:\/\/www.casariche.es\/index.php?rest_route=%2Fwp%2Fv2%2Ftags&post=83009"}],"curies":[{"name":"wp","href":"https:\/\/api.w.org\/{rel}","templated":true}]}}