{"id":83003,"date":"2026-04-30T17:00:55","date_gmt":"2026-04-30T15:00:55","guid":{"rendered":"https:\/\/www.casariche.es\/?p=83003"},"modified":"2026-04-30T17:06:49","modified_gmt":"2026-04-30T15:06:49","slug":"las-subvenciones-para-la-promocion-del-desarrollo-personal-y-la-integracion-social-de-las-personas-con-discapacidad-intelectual-pueden-solicitarse-hasta-el-11-de-mayo","status":"publish","type":"post","link":"http:\/\/www.casariche.es\/?p=83003","title":{"rendered":"Las subvenciones para la promoci\u00f3n del desarrollo personal y la integraci\u00f3n social de las personas con discapacidad intelectual pueden solicitarse hasta el 11 de mayo"},"content":{"rendered":"<p><strong>Informamos que hasta el 11 de mayo estar\u00e1 abierto el plazo de presentaci\u00f3n de solicitudes para las subvenciones destinadas a la promoci\u00f3n del desarrollo personal y la integraci\u00f3n social de las personas con discapacidad intelectual en entidades locales (pr\u00e1cticas becadas)<\/strong>, concedidas por la Excma. Diputaci\u00f3n Provincial de Sevilla para favorecer la inserci\u00f3n sociolaboral de personas con discapacidad intelectual facilit\u00e1ndoles experiencia pre-laboral en entornos de trabajo normalizados, con el fin de que puedan ayudar a su inclusi\u00f3n posterior en el mercado de trabajo. <strong>Se trata de prestaciones econ\u00f3micas en concepto de becas, no teniendo contrato laboral ni alta en Seguridad Social.<\/strong><\/p>\n<p>Los<strong> requisitos<\/strong> para poder optar a ser beneficiario de esta prestaci\u00f3n son:<\/p>\n<ul>\n<li>Estar empadronada en el municipio el solicitante y familiares directos y\/o tutor legal con una antig\u00fcedad de al menos de 1 a\u00f1o.<\/li>\n<li>Ser mayor de edad.<\/li>\n<li>No desarrollar actividad remunerada en otra administraci\u00f3n o empresa.<\/li>\n<li>Tener una discapacidad de car\u00e1cter intelectual y\/ o trastorno del espectro autista reconocidos por el Centro Base de Valoraci\u00f3n a trav\u00e9s del Dictamen T\u00e9cnico Facultativo y estar afectada por un grado de discapacidad igual o superior al 33%.<\/li>\n<li>Desarrollar las tareas propuestas en dependencias municipales o empresas p\u00fablicas y\/o privadas con las que el Ayuntamiento pueda llegar a acuerdos para el programa de pr\u00e1cticas.<\/li>\n<li>No tener reconocida una situaci\u00f3n de incapacidad de manera absoluta.<\/li>\n<\/ul>\n<p>La <strong>documentaci\u00f3n a presentar<\/strong> es la siguiente:<\/p>\n<p>&#8211; Copia de DNI del solicitante<br \/>\n&#8211; Certificado de empadronamiento<br \/>\n&#8211; Copia del certificado de discapacidad<br \/>\n&#8211; Vida laboral actualizada<br \/>\n&#8211; Copia de la sentencia de incapacitaci\u00f3n del solicitante, en su caso.<br \/>\n&#8211; T\u00edtulo o certificado que acredite la formaci\u00f3n que se posee.<\/p>\n<p><strong>La cuant\u00eda de la beca se establece en 250,00\u20ac mensuales por usuario con un m\u00e1ximo de 12 meses<\/strong>. Dicha beca deber\u00e1 ser ingresada a la persona beneficiaria, por parte de la entidad beneficiaria, mensualmente<\/p>\n<p>El Ayuntamiento podr\u00e1 optar por presentar dos candidaturas para dos becas de 6 meses de duraci\u00f3n cada una, en lugar de una de 12 meses.<\/p>\n<p>Las solicitudes deber\u00e1n <strong>presentarse en las Dependencias Municipales en los Servicios Sociales del Ayuntamiento de Casariche.<\/strong><\/p>\n<p><img loading=\"lazy\" decoding=\"async\" class=\"alignnone size-full wp-image-83005\" src=\"http:\/\/www.casariche.es\/wp-content\/uploads\/2026\/04\/practicasbecadas2026.jpg\" alt=\"\" width=\"850\" height=\"601\" srcset=\"http:\/\/www.casariche.es\/wp-content\/uploads\/2026\/04\/practicasbecadas2026.jpg 850w, http:\/\/www.casariche.es\/wp-content\/uploads\/2026\/04\/practicasbecadas2026-300x212.jpg 300w, http:\/\/www.casariche.es\/wp-content\/uploads\/2026\/04\/practicasbecadas2026-768x543.jpg 768w\" sizes=\"auto, (max-width: 850px) 100vw, 850px\" \/><\/p>\n","protected":false},"excerpt":{"rendered":"<p>Informamos que hasta el 11 de mayo estar\u00e1 abierto el plazo de presentaci\u00f3n de solicitudes para las subvenciones destinadas a la promoci\u00f3n del desarrollo personal<\/p>\n","protected":false},"author":2,"featured_media":83005,"comment_status":"closed","ping_status":"closed","sticky":false,"template":"","format":"standard","meta":{"footnotes":""},"categories":[1],"tags":[],"class_list":["post-83003","post","type-post","status-publish","format-standard","has-post-thumbnail","hentry","category-sin-categoria"],"_links":{"self":[{"href":"http:\/\/www.casariche.es\/index.php?rest_route=\/wp\/v2\/posts\/83003","targetHints":{"allow":["GET"]}}],"collection":[{"href":"http:\/\/www.casariche.es\/index.php?rest_route=\/wp\/v2\/posts"}],"about":[{"href":"http:\/\/www.casariche.es\/index.php?rest_route=\/wp\/v2\/types\/post"}],"author":[{"embeddable":true,"href":"http:\/\/www.casariche.es\/index.php?rest_route=\/wp\/v2\/users\/2"}],"replies":[{"embeddable":true,"href":"http:\/\/www.casariche.es\/index.php?rest_route=%2Fwp%2Fv2%2Fcomments&post=83003"}],"version-history":[{"count":3,"href":"http:\/\/www.casariche.es\/index.php?rest_route=\/wp\/v2\/posts\/83003\/revisions"}],"predecessor-version":[{"id":83007,"href":"http:\/\/www.casariche.es\/index.php?rest_route=\/wp\/v2\/posts\/83003\/revisions\/83007"}],"wp:featuredmedia":[{"embeddable":true,"href":"http:\/\/www.casariche.es\/index.php?rest_route=\/wp\/v2\/media\/83005"}],"wp:attachment":[{"href":"http:\/\/www.casariche.es\/index.php?rest_route=%2Fwp%2Fv2%2Fmedia&parent=83003"}],"wp:term":[{"taxonomy":"category","embeddable":true,"href":"http:\/\/www.casariche.es\/index.php?rest_route=%2Fwp%2Fv2%2Fcategories&post=83003"},{"taxonomy":"post_tag","embeddable":true,"href":"http:\/\/www.casariche.es\/index.php?rest_route=%2Fwp%2Fv2%2Ftags&post=83003"}],"curies":[{"name":"wp","href":"https:\/\/api.w.org\/{rel}","templated":true}]}}