{"id":79027,"date":"2025-12-17T09:00:36","date_gmt":"2025-12-17T08:00:36","guid":{"rendered":"https:\/\/www.casariche.es\/?p=79027"},"modified":"2025-12-17T09:18:49","modified_gmt":"2025-12-17T08:18:49","slug":"casariche-celebra-su-i-gala-de-navidad-ritmica-el-lunes-22-de-diciembre","status":"publish","type":"post","link":"http:\/\/www.casariche.es\/?p=79027","title":{"rendered":"Casariche celebra su I Gala de Navidad R\u00edtmica el lunes 22 de diciembre"},"content":{"rendered":"<div class=\"relative basis-auto flex-col -mb-(--composer-overlap-px) [--composer-overlap-px:55px] grow flex overflow-hidden\">\n<div class=\"relative h-full\">\n<div class=\"flex h-full flex-col overflow-y-auto thread-xl:pt-(--header-height) [scrollbar-gutter:stable_both-edges]\">\n<div class=\"flex flex-col text-sm thread-xl:pt-header-height pb-25\">\n<article class=\"text-token-text-primary w-full focus:outline-none [--shadow-height:45px] has-data-writing-block:pointer-events-none has-data-writing-block:-mt-(--shadow-height) has-data-writing-block:pt-(--shadow-height) [&amp;:has([data-writing-block])&gt;*]:pointer-events-auto [content-visibility:auto] supports-[content-visibility:auto]:[contain-intrinsic-size:auto_100lvh] scroll-mt-[calc(var(--header-height)+min(200px,max(70px,20svh)))]\" dir=\"auto\" tabindex=\"-1\" data-turn-id=\"request-WEB:1760f843-b153-4bb7-9a43-dfbb8771dab4-0\" data-testid=\"conversation-turn-2\" data-scroll-anchor=\"true\" data-turn=\"assistant\">\n<div class=\"text-base my-auto mx-auto pb-10 [--thread-content-margin:--spacing(4)] thread-sm:[--thread-content-margin:--spacing(6)] thread-lg:[--thread-content-margin:--spacing(16)] px-(--thread-content-margin)\">\n<div class=\"[--thread-content-max-width:40rem] thread-lg:[--thread-content-max-width:48rem] mx-auto max-w-(--thread-content-max-width) flex-1 group\/turn-messages focus-visible:outline-hidden relative flex w-full min-w-0 flex-col agent-turn\" tabindex=\"-1\">\n<div class=\"flex max-w-full flex-col grow\">\n<div class=\"min-h-8 text-message relative flex w-full flex-col items-end gap-2 text-start break-words whitespace-normal [.text-message+&amp;]:mt-1\" dir=\"auto\" data-message-author-role=\"assistant\" data-message-id=\"bd00091a-e90a-43aa-b9ec-8f1a85f03c9f\" data-message-model-slug=\"gpt-5-1\">\n<div class=\"flex w-full flex-col gap-1 empty:hidden first:pt-[1px]\">\n<div class=\"markdown prose dark:prose-invert w-full break-words light markdown-new-styling\">\n<p style=\"text-align: justify;\" data-start=\"169\" data-end=\"431\"><strong>El Taller de Gimnasia R\u00edtmica de Casariche va a llevar a cabo la I Gala de Navidad R\u00edtmica, que se celebrar\u00e1 el lunes 22 de diciembre a las 17:30 horas en el pabell\u00f3n del colegio<\/strong>, ofreciendo una tarde llena de m\u00fasica, ritmo y esp\u00edritu navide\u00f1o.<\/p>\n<p style=\"text-align: justify;\" data-start=\"433\" data-end=\"757\">Esta actividad reunir\u00e1 a <strong>j\u00f3venes deportistas de nuestra localidad, que demostrar\u00e1n el trabajo realizado durante el taller a trav\u00e9s de diversas coreograf\u00edas y exhibiciones.<\/strong><\/p>\n<p style=\"text-align: justify;\" data-start=\"759\" data-end=\"878\">\u00a1Os esperamos!<\/p>\n<p data-start=\"759\" data-end=\"878\"><img loading=\"lazy\" decoding=\"async\" class=\"alignnone size-full wp-image-79028\" src=\"http:\/\/www.casariche.es\/wp-content\/uploads\/2025\/11\/i-navidad-ritmica-22nov.jpg\" alt=\"\" width=\"1080\" height=\"1350\" srcset=\"http:\/\/www.casariche.es\/wp-content\/uploads\/2025\/11\/i-navidad-ritmica-22nov.jpg 1080w, http:\/\/www.casariche.es\/wp-content\/uploads\/2025\/11\/i-navidad-ritmica-22nov-240x300.jpg 240w, http:\/\/www.casariche.es\/wp-content\/uploads\/2025\/11\/i-navidad-ritmica-22nov-819x1024.jpg 819w, http:\/\/www.casariche.es\/wp-content\/uploads\/2025\/11\/i-navidad-ritmica-22nov-768x960.jpg 768w\" sizes=\"auto, (max-width: 1080px) 100vw, 1080px\" \/><\/p>\n<\/div>\n<\/div>\n<\/div>\n<\/div>\n<div class=\"z-0 flex min-h-[46px] justify-start\"><span style=\"font-size: 1rem;\">c<\/span><\/div>\n<\/div>\n<\/div>\n<\/article>\n<\/div>\n<\/div>\n<\/div>\n<\/div>\n","protected":false},"excerpt":{"rendered":"<p>El Taller de Gimnasia R\u00edtmica de Casariche va a llevar a cabo la I Gala de Navidad R\u00edtmica, que se celebrar\u00e1 el lunes 22 de<\/p>\n","protected":false},"author":2,"featured_media":79028,"comment_status":"closed","ping_status":"closed","sticky":false,"template":"","format":"standard","meta":{"footnotes":""},"categories":[1],"tags":[],"class_list":["post-79027","post","type-post","status-publish","format-standard","has-post-thumbnail","hentry","category-sin-categoria"],"_links":{"self":[{"href":"http:\/\/www.casariche.es\/index.php?rest_route=\/wp\/v2\/posts\/79027","targetHints":{"allow":["GET"]}}],"collection":[{"href":"http:\/\/www.casariche.es\/index.php?rest_route=\/wp\/v2\/posts"}],"about":[{"href":"http:\/\/www.casariche.es\/index.php?rest_route=\/wp\/v2\/types\/post"}],"author":[{"embeddable":true,"href":"http:\/\/www.casariche.es\/index.php?rest_route=\/wp\/v2\/users\/2"}],"replies":[{"embeddable":true,"href":"http:\/\/www.casariche.es\/index.php?rest_route=%2Fwp%2Fv2%2Fcomments&post=79027"}],"version-history":[{"count":7,"href":"http:\/\/www.casariche.es\/index.php?rest_route=\/wp\/v2\/posts\/79027\/revisions"}],"predecessor-version":[{"id":79643,"href":"http:\/\/www.casariche.es\/index.php?rest_route=\/wp\/v2\/posts\/79027\/revisions\/79643"}],"wp:featuredmedia":[{"embeddable":true,"href":"http:\/\/www.casariche.es\/index.php?rest_route=\/wp\/v2\/media\/79028"}],"wp:attachment":[{"href":"http:\/\/www.casariche.es\/index.php?rest_route=%2Fwp%2Fv2%2Fmedia&parent=79027"}],"wp:term":[{"taxonomy":"category","embeddable":true,"href":"http:\/\/www.casariche.es\/index.php?rest_route=%2Fwp%2Fv2%2Fcategories&post=79027"},{"taxonomy":"post_tag","embeddable":true,"href":"http:\/\/www.casariche.es\/index.php?rest_route=%2Fwp%2Fv2%2Ftags&post=79027"}],"curies":[{"name":"wp","href":"https:\/\/api.w.org\/{rel}","templated":true}]}}